{"id":949,"date":"2020-03-18T16:04:08","date_gmt":"2020-03-18T21:04:08","guid":{"rendered":"http:\/\/www.fhsjb.org\/web\/?p=949"},"modified":"2020-04-17T09:02:06","modified_gmt":"2020-04-17T14:02:06","slug":"medidas-de-contencion-para-el-covid-19","status":"publish","type":"post","link":"https:\/\/www.fsjb.org\/web\/?p=949","title":{"rendered":"Medidas de contenci\u00f3n para el COVID-19"},"content":{"rendered":"\n<p>La Fundaci\u00f3n Hospital San Jos\u00e9 de Buga informa a la opini\u00f3n p\u00fablica en general y a las Entidades Administradoras de Planes de Beneficio, que debido a la ocurrencia de casos a nivel mundial y la aparici\u00f3n del virus SARS CoV2 \u2013 COVID19 en Colombia con casos confirmados a partir del 6 de marzo de 2020, el Ministerio de Salud y Protecci\u00f3n Social declar\u00f3 la emergencia sanitaria mediante la Resoluci\u00f3n 385 del 12 de marzo de 2020.&nbsp;&nbsp; <\/p>\n\n\n\n<p>Al 16 de marzo, se han confirmado 57\ncasos en el territorio nacional y uno de ellos en Buga, como es de conocimiento\ngeneral.<\/p>\n\n\n\n<p>Por lo anterior, se establecen medidas obligatorias\nde contenci\u00f3n en la Fundaci\u00f3n Hospital San Jos\u00e9 de Buga que rigen a partir del <strong>17\nde marzo de 2020 hasta el 31 de marzo de 2020.<\/strong><\/p>\n\n\n\n<p>La fecha de terminaci\u00f3n de la aplicaci\u00f3n\nde medidas especiales podr\u00e1 ser modificada hasta tanto se levante la emergencia\nsanitaria de acuerdo con los lineamientos del Gobierno Nacional y el Ministerio\nde Salud y Protecci\u00f3n Social y los entes territoriales.<\/p>\n\n\n\n<ol class=\"wp-block-list\"><li><strong>Las preguntas clave m\u00ednimas para clasificar a\nuna persona como caso sospechoso de COVID-19, las cuales deben ser de manejo\ngeneral, cuestionario que se realizar\u00e1 a todas las personas que vayan a\ningresar a la instituci\u00f3n.<\/strong><\/li><\/ol>\n\n\n\n<ol class=\"wp-block-list\"><li><strong>\u00bfPresenta s\u00edntomas como fiebre, tos, dificultad\npara respirar o ahogo, dolor en la garganta o dolor para tragar, diarrea, sensaci\u00f3n\nde fatiga o cansancio?<\/strong><\/li><\/ol>\n\n\n\n<ol class=\"wp-block-list\"><li><strong>\u00bfHa viajado fuera del pa\u00eds en los \u00faltimos 14\nd\u00edas o a otras ciudades en Colombia que tienen casos confirmados de COVID-19?<\/strong><\/li><\/ol>\n\n\n\n<ol class=\"wp-block-list\"><li><strong>\u00bfHa tenido contacto en los \u00faltimos 14 d\u00edas con\nalguna persona con sospecha o diagn\u00f3stico confirmado de COVID-19?<\/strong><\/li><\/ol>\n\n\n\n<p><strong>En caso\npositivo, se activar\u00e1 la ruta de atenci\u00f3n especial para casos sospechosos de COVID-19<\/strong><\/p>\n\n\n\n<ul class=\"wp-block-list\"><li>Se suspende la rotaci\u00f3n de m\u00e9dicos internos y\nestudiantes de carreras profesionales y t\u00e9cnicas en la Fundaci\u00f3n Hospital San\nJos\u00e9 de Buga.<\/li><\/ul>\n\n\n\n<p><strong><em>MEDIDAS ESPECIALES EN\nLOS SERVICIOS<\/em><\/strong><\/p>\n\n\n\n<ul class=\"wp-block-list\"><li><strong>QUIROFANOS &#8211; CIRUGIAS ELECTIVAS:&nbsp; <\/strong><\/li><\/ul>\n\n\n\n<p>Se cancelan las\ncirug\u00edas electivas a partir del <strong>martes, 17 de marzo del 2020,<\/strong> excepto\naquellas que el Coordinador de Quir\u00f3fanos, el grupo de m\u00e9dicos especialistas\nquir\u00fargicos y el Subgerente de Salud determinen que se deben realizar por los\nriesgos del paciente, seg\u00fan an\u00e1lisis individual de caso.<\/p>\n\n\n\n<p>Durante el tiempo que\nest\u00e9 vigente la medida sanitaria de contenci\u00f3n de COVID-19, no se permitir\u00e1 el\nacompa\u00f1amiento para pacientes en procedimientos quir\u00fargicos, para proteger la\nsalud del paciente y su familia, as\u00ed como del personal de la instituci\u00f3n.<\/p>\n\n\n\n<p>Se debe solicitar el\nn\u00famero telef\u00f3nico de contacto del paciente o familiar para reportar estado de\nsalud del paciente y autorizaciones especiales. <\/p>\n\n\n\n<ul class=\"wp-block-list\"><li><strong>CONSULTA EXTERNA<\/strong><\/li><\/ul>\n\n\n\n<p>Se cancelan las\nconsultas ambulatorias, apoyos diagn\u00f3sticos ambulatorios (laboratorio,\nimagenolog\u00eda, cardiolog\u00eda, endoscopias) y consultas preanest\u00e9sicas, <strong>a partir\ndel martes 17 de marzo del 2020<\/strong>, excepto para la atenci\u00f3n de gestantes,\ncuraciones, controles postquir\u00fargicos y retiro de yesos, durante el tiempo que\nest\u00e9 vigente la medida sanitaria de contenci\u00f3n de COVID-19.<\/p>\n\n\n\n<p>Para aquellas consultas\nque se programen para atenci\u00f3n en consulta externa, el personal de preconsulta\ndebe realizar las tres preguntas establecidas para clasificar al paciente con\nsospecha de COVID-19, y en caso de obtener respuesta positiva, se direcciona a\nun consultorio del \u00e1rea y se activa el protocolo y la ruta de atenci\u00f3n (ver numeral\n4).<br><\/p>\n\n\n\n<ul class=\"wp-block-list\"><li><strong>CONSULTA EXTERNA &#8211; OFICINA DE AUTORIZACIONES\nPARA USUARIOS DE EMSSANAR <\/strong><\/li><\/ul>\n\n\n\n<p>Se suspende el servicio\nen la oficina de autorizaciones de Emssanar ubicada en el servicio de consulta\nexterna a partir del <strong>martes, 17 de marzo de 2020<\/strong>, durante el tiempo que\nest\u00e9 vigente la medida sanitaria de contenci\u00f3n de COVID-19.<\/p>\n\n\n\n<p>Los usuarios que\nrequieran el servicio deber\u00e1n ser direccionados a la oficina principal de\nEmssanar.<\/p>\n\n\n\n<ul class=\"wp-block-list\"><li><strong>HOSPITALIZACION Y URGENCIAS &#8211; RESTRICCI\u00d3N DE\nVISITAS A PACIENTES PARA TODOS LOS SERVICIOS Y HORARIOS DE VISITA<\/strong><\/li><\/ul>\n\n\n\n<p>Para todos los\nservicios, se limita la visita a un (1) solo acompa\u00f1ante y debe ser menor de 65\na\u00f1os, para proteger la salud de los pacientes y su familia, as\u00ed como del\npersonal de la instituci\u00f3n. &nbsp;&nbsp;<\/p>\n\n\n\n<p>Durante el tiempo que\nest\u00e9 vigente la medida sanitaria de contenci\u00f3n de COVID-19, se restringe el\nacompa\u00f1ante permanente o visitante adicional. En caso de requerirse, el m\u00e9dico\ndel servicio autorizar\u00e1 este proceso firmado por la Subgerencia de Salud. <\/p>\n\n\n\n<p>No se permitir\u00e1 el\ningreso de visitantes que presenten s\u00edntomas de gripa o s\u00edntomas respiratorios\ny es de obligatorio cumplimiento informar al ingreso a la instituci\u00f3n o al\nservicio. <\/p>\n\n\n\n<p>Se debe limitar la\nmovilidad de los visitantes por fuera de las habitaciones. &nbsp;El familiar debe permanecer en la habitaci\u00f3n\nde su paciente durante la visita. <\/p>\n\n\n\n<p>Todo el personal y\nvisitantes debe realizar siempre lavado o higiene de manos antes de ingresar y\nal egresar de las habitaciones y de la instituci\u00f3n.<br><\/p>\n\n\n\n<p>Se modifican siguientes\nhorarios de visita para los diferentes servicios: <\/p>\n\n\n\n<ul class=\"wp-block-list\"><li><strong>HOSPITALIZACI\u00d3N ADULTOS<\/strong><\/li><\/ul>\n\n\n\n<p>Hospitalizaci\u00f3n\n3er piso: 2:00 pm \u2013 2:30 pm.<\/p>\n\n\n\n<p>Hospitalizaci\u00f3n\n2do piso: 3:30 pm \u2013 4:00 pm.<\/p>\n\n\n\n<p>El visitante no debe\ntener contacto con el paciente y debe mantener una distancia m\u00ednima de 1 metro.<\/p>\n\n\n\n<ul class=\"wp-block-list\"><li><strong>UCI ADULTOS<\/strong><\/li><\/ul>\n\n\n\n<p>\u00danico\nhorario ma\u00f1ana: 11 am -12 pm.<\/p>\n\n\n\n<p>La visita se realizar\u00e1\npor fuera del cub\u00edculo y s\u00f3lo se permitir\u00e1 el ingreso de 1 visitante. <\/p>\n\n\n\n<ul class=\"wp-block-list\"><li><strong>PEDIATR\u00cdA<\/strong><\/li><\/ul>\n\n\n\n<p>No tendr\u00e1 horario de\nvisita, solo se permitir\u00e1 un acompa\u00f1ante permanente por paciente y un cambio de\nacompa\u00f1ante.<\/p>\n\n\n\n<ul class=\"wp-block-list\"><li><strong>UCI NEONATAL<\/strong><\/li><\/ul>\n\n\n\n<p>No tendr\u00e1 horario de\nvisita.&nbsp; Se limita el ingreso de visitas\ns\u00f3lo a la madre para la lactancia en horario continuo de 9 am a 6 pm. Si la\nmadre se retira de la instituci\u00f3n, ingresar\u00e1 al d\u00eda siguiente.&nbsp; <\/p>\n\n\n\n<ul class=\"wp-block-list\"><li><strong>GINECOBSTETRICIA<\/strong><\/li><\/ul>\n\n\n\n<p>El ingreso al servicio\nse limita a una persona durante el tiempo de la visita. <\/p>\n\n\n\n<p>El\nhorario establecido: 2:00 pm \u2013 2:30 pm. &nbsp;&nbsp;&nbsp;&nbsp;&nbsp; <\/p>\n\n\n\n<p>No se permitir\u00e1 el\nacompa\u00f1amiento para pacientes en trabajo de parto y ces\u00e1reas, para proteger la\nsalud de la madre, el beb\u00e9 y su familia, as\u00ed como del personal de la\ninstituci\u00f3n.<\/p>\n\n\n\n<p>Se debe solicitar el\nn\u00famero telef\u00f3nico de contacto del paciente o familiar para reportar estado de\nsalud del paciente y del reci\u00e9n nacido.<\/p>\n\n\n\n<ul class=\"wp-block-list\"><li><strong>ATENCI\u00d3N DE PACIENTES EN LA UNIDAD RENAL RTS<\/strong><\/li><\/ul>\n\n\n\n<p>La unidad renal RTS entregar\u00e1\ndiariamente la lista de pacientes programados a la porter\u00eda para autorizar su\ningreso.<\/p>\n\n\n\n<p>No se asignar\u00e1 consulta\nexterna de nefrolog\u00eda.<\/p>\n\n\n\n<p>El acompa\u00f1ante del\npaciente debe ingresar a la unidad a entregar el paciente y regresar cuando\nfinalice el proceso de atenci\u00f3n.<\/p>\n\n\n\n<p><strong><em>OTRAS MEDIDAS GENERALES<\/em><\/strong><\/p>\n\n\n\n<ul class=\"wp-block-list\"><li>El personal de Vigilancia y\/o de la oficina de\nAtenci\u00f3n al Usuario realizar\u00e1 encuesta a los visitantes en las puertas de\nentrada (puerta principal, consulta externa, urgencias, puerta ambulancia),\nutilizando los elementos de protecci\u00f3n personal (EPP). &nbsp;&nbsp;No se\npermite el ingreso de visitantes con s\u00edntomas de gripa, que hayan estado fuera\ndel pa\u00eds durante \u00faltimos 14 d\u00edas o que hayan tenido contacto con paciente con\nCOVID19 confirmado.&nbsp; <\/li><\/ul>\n\n\n\n<ul class=\"wp-block-list\"><li>El personal de Vigilancia y de la oficina de\nAtenci\u00f3n al Usuario realizar\u00e1 la toma de temperatura a visitantes y\ncolaboradores con term\u00f3metro infrarrojo y no se permitir\u00e1 el ingreso de\naquellos que tengan una temperatura mayor o igual a 37.5\u00b0C. Se debe direccionar\npara que consulte a su IPS de primer nivel de atenci\u00f3n.<\/li><\/ul>\n\n\n\n<ol class=\"wp-block-list\"><li>Para los pacientes que ingresen en ambulancia,\nse realizar\u00e1 trasbordo a una camilla de la FHSJB, el camillero utilizar\u00e1 los elementos\nde protecci\u00f3n personal (EPP) y realizar\u00e1 el traslado al servicio que requiera, en\ncaso de que la condici\u00f3n del paciente lo permita.&nbsp; Si el paciente no se puede trasladar a otra\ncamilla de la instituci\u00f3n, se verificar\u00e1 que el tripulante cuente con los EPP.<\/li><\/ol>\n\n\n\n<ol class=\"wp-block-list\"><li>Se proh\u00edbe el uso del auditorio Hern\u00e1n Saavedra\nRacines.<\/li><\/ol>\n\n\n\n<ol class=\"wp-block-list\"><li>Se restringe el uso del ascensor a todo el\npersonal y visitantes, por ser un \u00e1rea cerrada y con alto riesgo de contaminaci\u00f3n.<\/li><\/ol>\n\n\n\n<ol class=\"wp-block-list\"><li>Se recomienda mantener ventanas y puertas\nabiertas con la finalidad de mejorar el flujo de aire.<\/li><\/ol>\n\n\n\n<ol class=\"wp-block-list\"><li>Se proh\u00edbe el ingreso de representantes y\nvisitadores m\u00e9dicos, visitas comerciales de proveedores o vendedores de productos,\nservicios o alimentos, al igual que visitas sociales de familiares al personal\nque labora en la instituci\u00f3n. <\/li><\/ol>\n\n\n\n<ol class=\"wp-block-list\"><li>Se limita el ingreso de proveedores a aquellos\nque se requieran para el funcionamiento operativo de la instituci\u00f3n y aplica para\ntodos las \u00e1reas, servicios y aliados estrat\u00e9gicos.&nbsp;&nbsp;&nbsp; Se debe pasar el listado a la Subgerencia\nAdministrativa para autorizar el ingreso con copia a la Gerencia.&nbsp;&nbsp; Para aquellos que se autorice el ingreso, se\ndebe realizar la encuesta de tamizaje para caso sospechoso del COVID-19 y el\ncumplimiento de la normatividad vigente establecida en la instituci\u00f3n.<\/li><\/ol>\n\n\n\n<ol class=\"wp-block-list\"><li>Se suspende la venta de alimentos y bebidas en las\nm\u00e1quinas dispensadoras en todos los servicios.<\/li><\/ol>\n\n\n\n<ol class=\"wp-block-list\"><li>Se debe controlar el acceso a la plazoleta de\nla entrada principal a mototaxistas, taxis y otro personal ajeno a los usuarios\nque requieran los servicios de salud.<\/li><\/ol>\n\n\n\n<p>Estas medidas son temporales para contener\nla propagaci\u00f3n del VIRUS COVID19 y su estricto cumplimiento contribuye a la seguridad\nde los pacientes, sus familias y todos los ciudadanos.<\/p>\n ","protected":false},"excerpt":{"rendered":"<p>La Fundaci\u00f3n Hospital San Jos\u00e9 de Buga informa a la opini\u00f3n p\u00fablica en general y a las Entidades Administradoras de Planes de Beneficio, que debido a la ocurrencia de casos a nivel mundial y la aparici\u00f3n del virus SARS CoV2 \u2013 COVID19 en Colombia con casos confirmados a partir del 6 de marzo de 2020, [&hellip;]<\/p>\n","protected":false},"author":10,"featured_media":0,"comment_status":"open","ping_status":"open","sticky":false,"template":"","format":"standard","meta":{"_cbd_carousel_blocks":"[]","footnotes":""},"categories":[9],"tags":[],"class_list":["post-949","post","type-post","status-publish","format-standard","hentry","category-noticias"],"yoast_head":"<!-- This site is optimized with the Yoast SEO plugin v27.5 - https:\/\/yoast.com\/product\/yoast-seo-wordpress\/ -->\n<title>Medidas de contenci\u00f3n para el COVID-19 - Fundaci&oacute;n San Jos&eacute; Buga<\/title>\n<meta name=\"robots\" content=\"index, follow, max-snippet:-1, max-image-preview:large, max-video-preview:-1\" \/>\n<link rel=\"canonical\" href=\"https:\/\/www.fsjb.org\/web\/?p=949\" \/>\n<meta property=\"og:locale\" content=\"es_ES\" \/>\n<meta property=\"og:type\" content=\"article\" \/>\n<meta property=\"og:title\" content=\"Medidas de contenci\u00f3n para el COVID-19 - Fundaci&oacute;n San Jos&eacute; Buga\" \/>\n<meta property=\"og:description\" content=\"La Fundaci\u00f3n Hospital San Jos\u00e9 de Buga informa a la opini\u00f3n p\u00fablica en general y a las Entidades Administradoras de Planes de Beneficio, que debido a la ocurrencia de casos a nivel mundial y la aparici\u00f3n del virus SARS CoV2 \u2013 COVID19 en Colombia con casos confirmados a partir del 6 de marzo de 2020, [&hellip;]\" \/>\n<meta property=\"og:url\" content=\"https:\/\/www.fsjb.org\/web\/?p=949\" \/>\n<meta property=\"og:site_name\" content=\"Fundaci&oacute;n San Jos&eacute; Buga\" \/>\n<meta property=\"article:publisher\" content=\"https:\/\/www.facebook.com\/fundacionsanjosebuga\/\" \/>\n<meta property=\"article:published_time\" content=\"2020-03-18T21:04:08+00:00\" \/>\n<meta property=\"article:modified_time\" content=\"2020-04-17T14:02:06+00:00\" \/>\n<meta name=\"author\" content=\"Comunicaciones FHSJB\" \/>\n<meta name=\"twitter:card\" content=\"summary_large_image\" \/>\n<meta name=\"twitter:label1\" content=\"Escrito por\" \/>\n\t<meta name=\"twitter:data1\" content=\"Comunicaciones FHSJB\" \/>\n\t<meta name=\"twitter:label2\" content=\"Tiempo de lectura\" \/>\n\t<meta name=\"twitter:data2\" content=\"8 minutos\" \/>\n<script type=\"application\/ld+json\" class=\"yoast-schema-graph\">{\"@context\":\"https:\\\/\\\/schema.org\",\"@graph\":[{\"@type\":\"Article\",\"@id\":\"https:\\\/\\\/www.fsjb.org\\\/web\\\/?p=949#article\",\"isPartOf\":{\"@id\":\"https:\\\/\\\/www.fsjb.org\\\/web\\\/?p=949\"},\"author\":{\"name\":\"Comunicaciones FHSJB\",\"@id\":\"https:\\\/\\\/www.fsjb.org\\\/web\\\/#\\\/schema\\\/person\\\/11e98cab2a8ec0a5d23ee0f7e0921939\"},\"headline\":\"Medidas de contenci\u00f3n para el COVID-19\",\"datePublished\":\"2020-03-18T21:04:08+00:00\",\"dateModified\":\"2020-04-17T14:02:06+00:00\",\"mainEntityOfPage\":{\"@id\":\"https:\\\/\\\/www.fsjb.org\\\/web\\\/?p=949\"},\"wordCount\":1556,\"commentCount\":0,\"publisher\":{\"@id\":\"https:\\\/\\\/www.fsjb.org\\\/web\\\/#organization\"},\"articleSection\":[\"Noticias\"],\"inLanguage\":\"es\",\"potentialAction\":[{\"@type\":\"CommentAction\",\"name\":\"Comment\",\"target\":[\"https:\\\/\\\/www.fsjb.org\\\/web\\\/?p=949#respond\"]}]},{\"@type\":\"WebPage\",\"@id\":\"https:\\\/\\\/www.fsjb.org\\\/web\\\/?p=949\",\"url\":\"https:\\\/\\\/www.fsjb.org\\\/web\\\/?p=949\",\"name\":\"Medidas de contenci\u00f3n para el COVID-19 - Fundaci&oacute;n San Jos&eacute; Buga\",\"isPartOf\":{\"@id\":\"https:\\\/\\\/www.fsjb.org\\\/web\\\/#website\"},\"datePublished\":\"2020-03-18T21:04:08+00:00\",\"dateModified\":\"2020-04-17T14:02:06+00:00\",\"breadcrumb\":{\"@id\":\"https:\\\/\\\/www.fsjb.org\\\/web\\\/?p=949#breadcrumb\"},\"inLanguage\":\"es\",\"potentialAction\":[{\"@type\":\"ReadAction\",\"target\":[\"https:\\\/\\\/www.fsjb.org\\\/web\\\/?p=949\"]}]},{\"@type\":\"BreadcrumbList\",\"@id\":\"https:\\\/\\\/www.fsjb.org\\\/web\\\/?p=949#breadcrumb\",\"itemListElement\":[{\"@type\":\"ListItem\",\"position\":1,\"name\":\"Portada\",\"item\":\"https:\\\/\\\/www.fsjb.org\\\/web\\\/\"},{\"@type\":\"ListItem\",\"position\":2,\"name\":\"Medidas de contenci\u00f3n para el COVID-19\"}]},{\"@type\":\"WebSite\",\"@id\":\"https:\\\/\\\/www.fsjb.org\\\/web\\\/#website\",\"url\":\"https:\\\/\\\/www.fsjb.org\\\/web\\\/\",\"name\":\"Fundaci\u00f3n San Jos\u00e9 Buga\",\"description\":\"Pagina web\",\"publisher\":{\"@id\":\"https:\\\/\\\/www.fsjb.org\\\/web\\\/#organization\"},\"potentialAction\":[{\"@type\":\"SearchAction\",\"target\":{\"@type\":\"EntryPoint\",\"urlTemplate\":\"https:\\\/\\\/www.fsjb.org\\\/web\\\/?s={search_term_string}\"},\"query-input\":{\"@type\":\"PropertyValueSpecification\",\"valueRequired\":true,\"valueName\":\"search_term_string\"}}],\"inLanguage\":\"es\"},{\"@type\":\"Organization\",\"@id\":\"https:\\\/\\\/www.fsjb.org\\\/web\\\/#organization\",\"name\":\"Fundaci\u00f3n San Jos\u00e9 Buga\",\"url\":\"https:\\\/\\\/www.fsjb.org\\\/web\\\/\",\"logo\":{\"@type\":\"ImageObject\",\"inLanguage\":\"es\",\"@id\":\"https:\\\/\\\/www.fsjb.org\\\/web\\\/#\\\/schema\\\/logo\\\/image\\\/\",\"url\":\"https:\\\/\\\/www.fsjb.org\\\/web\\\/wp-content\\\/uploads\\\/logo-n.png\",\"contentUrl\":\"https:\\\/\\\/www.fsjb.org\\\/web\\\/wp-content\\\/uploads\\\/logo-n.png\",\"width\":208,\"height\":166,\"caption\":\"Fundaci\u00f3n San Jos\u00e9 Buga\"},\"image\":{\"@id\":\"https:\\\/\\\/www.fsjb.org\\\/web\\\/#\\\/schema\\\/logo\\\/image\\\/\"},\"sameAs\":[\"https:\\\/\\\/www.facebook.com\\\/fundacionsanjosebuga\\\/\",\"https:\\\/\\\/co.linkedin.com\\\/company\\\/fsjb\"]},{\"@type\":\"Person\",\"@id\":\"https:\\\/\\\/www.fsjb.org\\\/web\\\/#\\\/schema\\\/person\\\/11e98cab2a8ec0a5d23ee0f7e0921939\",\"name\":\"Comunicaciones FHSJB\",\"image\":{\"@type\":\"ImageObject\",\"inLanguage\":\"es\",\"@id\":\"https:\\\/\\\/secure.gravatar.com\\\/avatar\\\/8a36dfda615c596b2494c6e23b6eaad0d1c6002142e996d48086525fbb0d3637?s=96&d=identicon&r=g\",\"url\":\"https:\\\/\\\/secure.gravatar.com\\\/avatar\\\/8a36dfda615c596b2494c6e23b6eaad0d1c6002142e996d48086525fbb0d3637?s=96&d=identicon&r=g\",\"contentUrl\":\"https:\\\/\\\/secure.gravatar.com\\\/avatar\\\/8a36dfda615c596b2494c6e23b6eaad0d1c6002142e996d48086525fbb0d3637?s=96&d=identicon&r=g\",\"caption\":\"Comunicaciones FHSJB\"},\"url\":\"https:\\\/\\\/www.fsjb.org\\\/web\\\/?author=10\"}]}<\/script>\n<!-- \/ Yoast SEO plugin. -->","yoast_head_json":{"title":"Medidas de contenci\u00f3n para el COVID-19 - Fundaci&oacute;n San Jos&eacute; Buga","robots":{"index":"index","follow":"follow","max-snippet":"max-snippet:-1","max-image-preview":"max-image-preview:large","max-video-preview":"max-video-preview:-1"},"canonical":"https:\/\/www.fsjb.org\/web\/?p=949","og_locale":"es_ES","og_type":"article","og_title":"Medidas de contenci\u00f3n para el COVID-19 - Fundaci&oacute;n San Jos&eacute; Buga","og_description":"La Fundaci\u00f3n Hospital San Jos\u00e9 de Buga informa a la opini\u00f3n p\u00fablica en general y a las Entidades Administradoras de Planes de Beneficio, que debido a la ocurrencia de casos a nivel mundial y la aparici\u00f3n del virus SARS CoV2 \u2013 COVID19 en Colombia con casos confirmados a partir del 6 de marzo de 2020, [&hellip;]","og_url":"https:\/\/www.fsjb.org\/web\/?p=949","og_site_name":"Fundaci&oacute;n San Jos&eacute; Buga","article_publisher":"https:\/\/www.facebook.com\/fundacionsanjosebuga\/","article_published_time":"2020-03-18T21:04:08+00:00","article_modified_time":"2020-04-17T14:02:06+00:00","author":"Comunicaciones FHSJB","twitter_card":"summary_large_image","twitter_misc":{"Escrito por":"Comunicaciones FHSJB","Tiempo de lectura":"8 minutos"},"schema":{"@context":"https:\/\/schema.org","@graph":[{"@type":"Article","@id":"https:\/\/www.fsjb.org\/web\/?p=949#article","isPartOf":{"@id":"https:\/\/www.fsjb.org\/web\/?p=949"},"author":{"name":"Comunicaciones FHSJB","@id":"https:\/\/www.fsjb.org\/web\/#\/schema\/person\/11e98cab2a8ec0a5d23ee0f7e0921939"},"headline":"Medidas de contenci\u00f3n para el COVID-19","datePublished":"2020-03-18T21:04:08+00:00","dateModified":"2020-04-17T14:02:06+00:00","mainEntityOfPage":{"@id":"https:\/\/www.fsjb.org\/web\/?p=949"},"wordCount":1556,"commentCount":0,"publisher":{"@id":"https:\/\/www.fsjb.org\/web\/#organization"},"articleSection":["Noticias"],"inLanguage":"es","potentialAction":[{"@type":"CommentAction","name":"Comment","target":["https:\/\/www.fsjb.org\/web\/?p=949#respond"]}]},{"@type":"WebPage","@id":"https:\/\/www.fsjb.org\/web\/?p=949","url":"https:\/\/www.fsjb.org\/web\/?p=949","name":"Medidas de contenci\u00f3n para el COVID-19 - Fundaci&oacute;n San Jos&eacute; Buga","isPartOf":{"@id":"https:\/\/www.fsjb.org\/web\/#website"},"datePublished":"2020-03-18T21:04:08+00:00","dateModified":"2020-04-17T14:02:06+00:00","breadcrumb":{"@id":"https:\/\/www.fsjb.org\/web\/?p=949#breadcrumb"},"inLanguage":"es","potentialAction":[{"@type":"ReadAction","target":["https:\/\/www.fsjb.org\/web\/?p=949"]}]},{"@type":"BreadcrumbList","@id":"https:\/\/www.fsjb.org\/web\/?p=949#breadcrumb","itemListElement":[{"@type":"ListItem","position":1,"name":"Portada","item":"https:\/\/www.fsjb.org\/web\/"},{"@type":"ListItem","position":2,"name":"Medidas de contenci\u00f3n para el COVID-19"}]},{"@type":"WebSite","@id":"https:\/\/www.fsjb.org\/web\/#website","url":"https:\/\/www.fsjb.org\/web\/","name":"Fundaci\u00f3n San Jos\u00e9 Buga","description":"Pagina web","publisher":{"@id":"https:\/\/www.fsjb.org\/web\/#organization"},"potentialAction":[{"@type":"SearchAction","target":{"@type":"EntryPoint","urlTemplate":"https:\/\/www.fsjb.org\/web\/?s={search_term_string}"},"query-input":{"@type":"PropertyValueSpecification","valueRequired":true,"valueName":"search_term_string"}}],"inLanguage":"es"},{"@type":"Organization","@id":"https:\/\/www.fsjb.org\/web\/#organization","name":"Fundaci\u00f3n San Jos\u00e9 Buga","url":"https:\/\/www.fsjb.org\/web\/","logo":{"@type":"ImageObject","inLanguage":"es","@id":"https:\/\/www.fsjb.org\/web\/#\/schema\/logo\/image\/","url":"https:\/\/www.fsjb.org\/web\/wp-content\/uploads\/logo-n.png","contentUrl":"https:\/\/www.fsjb.org\/web\/wp-content\/uploads\/logo-n.png","width":208,"height":166,"caption":"Fundaci\u00f3n San Jos\u00e9 Buga"},"image":{"@id":"https:\/\/www.fsjb.org\/web\/#\/schema\/logo\/image\/"},"sameAs":["https:\/\/www.facebook.com\/fundacionsanjosebuga\/","https:\/\/co.linkedin.com\/company\/fsjb"]},{"@type":"Person","@id":"https:\/\/www.fsjb.org\/web\/#\/schema\/person\/11e98cab2a8ec0a5d23ee0f7e0921939","name":"Comunicaciones FHSJB","image":{"@type":"ImageObject","inLanguage":"es","@id":"https:\/\/secure.gravatar.com\/avatar\/8a36dfda615c596b2494c6e23b6eaad0d1c6002142e996d48086525fbb0d3637?s=96&d=identicon&r=g","url":"https:\/\/secure.gravatar.com\/avatar\/8a36dfda615c596b2494c6e23b6eaad0d1c6002142e996d48086525fbb0d3637?s=96&d=identicon&r=g","contentUrl":"https:\/\/secure.gravatar.com\/avatar\/8a36dfda615c596b2494c6e23b6eaad0d1c6002142e996d48086525fbb0d3637?s=96&d=identicon&r=g","caption":"Comunicaciones FHSJB"},"url":"https:\/\/www.fsjb.org\/web\/?author=10"}]}},"_links":{"self":[{"href":"https:\/\/www.fsjb.org\/web\/index.php?rest_route=\/wp\/v2\/posts\/949","targetHints":{"allow":["GET"]}}],"collection":[{"href":"https:\/\/www.fsjb.org\/web\/index.php?rest_route=\/wp\/v2\/posts"}],"about":[{"href":"https:\/\/www.fsjb.org\/web\/index.php?rest_route=\/wp\/v2\/types\/post"}],"author":[{"embeddable":true,"href":"https:\/\/www.fsjb.org\/web\/index.php?rest_route=\/wp\/v2\/users\/10"}],"replies":[{"embeddable":true,"href":"https:\/\/www.fsjb.org\/web\/index.php?rest_route=%2Fwp%2Fv2%2Fcomments&post=949"}],"version-history":[{"count":0,"href":"https:\/\/www.fsjb.org\/web\/index.php?rest_route=\/wp\/v2\/posts\/949\/revisions"}],"wp:attachment":[{"href":"https:\/\/www.fsjb.org\/web\/index.php?rest_route=%2Fwp%2Fv2%2Fmedia&parent=949"}],"wp:term":[{"taxonomy":"category","embeddable":true,"href":"https:\/\/www.fsjb.org\/web\/index.php?rest_route=%2Fwp%2Fv2%2Fcategories&post=949"},{"taxonomy":"post_tag","embeddable":true,"href":"https:\/\/www.fsjb.org\/web\/index.php?rest_route=%2Fwp%2Fv2%2Ftags&post=949"}],"curies":[{"name":"wp","href":"https:\/\/api.w.org\/{rel}","templated":true}]}}