{"id":2325,"date":"2025-09-18T08:49:18","date_gmt":"2025-09-18T13:49:18","guid":{"rendered":"https:\/\/www.fsjb.org\/web\/?p=2325"},"modified":"2025-09-18T08:49:20","modified_gmt":"2025-09-18T13:49:20","slug":"homenaje-a-nuestros-companeros-pensionados","status":"publish","type":"post","link":"https:\/\/www.fsjb.org\/web\/?p=2325","title":{"rendered":"Homenaje a nuestros compa\u00f1eros Pensionados"},"content":{"rendered":"\n<p>En la Fundaci\u00f3n San Jos\u00e9 de Buga, creemos que el verdadero valor de una instituci\u00f3n se construye con el compromiso, la vocaci\u00f3n y el legado de quienes la han hecho crecer con su trabajo diario. Por ello, en un acto lleno de gratitud y reconocimiento, rendimos homenaje a dos de nuestros compa\u00f1eros que culminan su etapa laboral tras d\u00e9cadas de servicio ejemplar:<\/p>\n\n\n\n<p>\ud83d\udd39 <strong>Nicolassa Mena<\/strong><br>Durante casi treinta a\u00f1os, Nicolassa dedic\u00f3 su tiempo, talento y coraz\u00f3n al cuidado de nuestros pacientes y al acompa\u00f1amiento de sus familias. Su calidez humana, vocaci\u00f3n de servicio y compromiso dejaron una huella profunda en cada sala, en cada compa\u00f1ero y en cada vida que toc\u00f3. Hoy, al alcanzar su pensi\u00f3n, le expresamos nuestro m\u00e1s sincero agradecimiento y cari\u00f1o. Su legado permanecer\u00e1 como parte esencial de nuestra historia.<\/p>\n\n\n\n<p>\ud83d\udd39 <strong>Ingeniero Alejandro Barbety<\/strong><br>Desde 1993, Alejandro Barbety aport\u00f3 su conocimiento, liderazgo y visi\u00f3n al desarrollo institucional. M\u00e1s de tres d\u00e9cadas de entrega incondicional consolidaron su papel como referente de \u00e9tica, responsabilidad y servicio. Al recibir con merecimiento su pensi\u00f3n, celebramos su trayectoria y el impacto positivo que deja en cada proyecto y proceso que lider\u00f3.<\/p>\n\n\n\n<p>En el evento, escuchamos con profundo respeto y admiraci\u00f3n el sonar de nuestro campanario, indicando con cada repique los a\u00f1os de servicio de nuestros compa\u00f1eros. Este homenaje representa el reconocimiento de toda la comunidad institucional a quienes han sido pilares de nuestra misi\u00f3n. Su ejemplo inspira a las nuevas generaciones a continuar con pasi\u00f3n y compromiso el camino que ellos ayudaron a construir.<\/p>\n\n\n\n<p><strong>Gracias por su entrega, por su legado y por ser parte de nuestra historia.<\/strong><\/p>\n ","protected":false},"excerpt":{"rendered":"<p>En la Fundaci\u00f3n San Jos\u00e9 de Buga, creemos que el verdadero valor de una instituci\u00f3n se construye con el compromiso, la vocaci\u00f3n y el legado de quienes la han hecho crecer con su trabajo diario. Por ello, en un acto lleno de gratitud y reconocimiento, rendimos homenaje a dos de nuestros compa\u00f1eros que culminan su [&hellip;]<\/p>\n","protected":false},"author":10,"featured_media":2326,"comment_status":"open","ping_status":"open","sticky":false,"template":"","format":"standard","meta":{"_cbd_carousel_blocks":"[]","footnotes":""},"categories":[9],"tags":[],"class_list":["post-2325","post","type-post","status-publish","format-standard","has-post-thumbnail","hentry","category-noticias"],"yoast_head":"<!-- This site is optimized with the Yoast SEO plugin v27.5 - https:\/\/yoast.com\/product\/yoast-seo-wordpress\/ -->\n<title>Homenaje a nuestros compa\u00f1eros Pensionados - Fundaci&oacute;n San Jos&eacute; Buga<\/title>\n<meta name=\"robots\" content=\"index, follow, max-snippet:-1, max-image-preview:large, max-video-preview:-1\" \/>\n<link rel=\"canonical\" href=\"https:\/\/www.fsjb.org\/web\/?p=2325\" \/>\n<meta property=\"og:locale\" content=\"es_ES\" \/>\n<meta property=\"og:type\" content=\"article\" \/>\n<meta property=\"og:title\" content=\"Homenaje a nuestros compa\u00f1eros Pensionados - Fundaci&oacute;n San Jos&eacute; Buga\" \/>\n<meta property=\"og:description\" content=\"En la Fundaci\u00f3n San Jos\u00e9 de Buga, creemos que el verdadero valor de una instituci\u00f3n se construye con el compromiso, la vocaci\u00f3n y el legado de quienes la han hecho crecer con su trabajo diario. Por ello, en un acto lleno de gratitud y reconocimiento, rendimos homenaje a dos de nuestros compa\u00f1eros que culminan su [&hellip;]\" \/>\n<meta property=\"og:url\" content=\"https:\/\/www.fsjb.org\/web\/?p=2325\" \/>\n<meta property=\"og:site_name\" content=\"Fundaci&oacute;n San Jos&eacute; Buga\" \/>\n<meta property=\"article:publisher\" content=\"https:\/\/www.facebook.com\/fundacionsanjosebuga\/\" \/>\n<meta property=\"article:published_time\" content=\"2025-09-18T13:49:18+00:00\" \/>\n<meta property=\"article:modified_time\" content=\"2025-09-18T13:49:20+00:00\" \/>\n<meta property=\"og:image\" content=\"https:\/\/www.fsjb.org\/web\/wp-content\/uploads\/WhatsApp-Image-2025-09-18-at-8.46.35-AM.jpeg\" \/>\n\t<meta property=\"og:image:width\" content=\"1600\" \/>\n\t<meta property=\"og:image:height\" content=\"1278\" \/>\n\t<meta property=\"og:image:type\" content=\"image\/jpeg\" \/>\n<meta name=\"author\" content=\"Comunicaciones FHSJB\" \/>\n<meta name=\"twitter:card\" content=\"summary_large_image\" \/>\n<meta name=\"twitter:label1\" content=\"Escrito por\" \/>\n\t<meta name=\"twitter:data1\" content=\"Comunicaciones FHSJB\" \/>\n\t<meta name=\"twitter:label2\" content=\"Tiempo de lectura\" \/>\n\t<meta name=\"twitter:data2\" content=\"2 minutos\" \/>\n<script type=\"application\/ld+json\" class=\"yoast-schema-graph\">{\"@context\":\"https:\\\/\\\/schema.org\",\"@graph\":[{\"@type\":\"Article\",\"@id\":\"https:\\\/\\\/www.fsjb.org\\\/web\\\/?p=2325#article\",\"isPartOf\":{\"@id\":\"https:\\\/\\\/www.fsjb.org\\\/web\\\/?p=2325\"},\"author\":{\"name\":\"Comunicaciones FHSJB\",\"@id\":\"https:\\\/\\\/www.fsjb.org\\\/web\\\/#\\\/schema\\\/person\\\/11e98cab2a8ec0a5d23ee0f7e0921939\"},\"headline\":\"Homenaje a nuestros compa\u00f1eros Pensionados\",\"datePublished\":\"2025-09-18T13:49:18+00:00\",\"dateModified\":\"2025-09-18T13:49:20+00:00\",\"mainEntityOfPage\":{\"@id\":\"https:\\\/\\\/www.fsjb.org\\\/web\\\/?p=2325\"},\"wordCount\":291,\"commentCount\":0,\"publisher\":{\"@id\":\"https:\\\/\\\/www.fsjb.org\\\/web\\\/#organization\"},\"image\":{\"@id\":\"https:\\\/\\\/www.fsjb.org\\\/web\\\/?p=2325#primaryimage\"},\"thumbnailUrl\":\"https:\\\/\\\/www.fsjb.org\\\/web\\\/wp-content\\\/uploads\\\/WhatsApp-Image-2025-09-18-at-8.46.35-AM.jpeg\",\"articleSection\":[\"Noticias\"],\"inLanguage\":\"es\",\"potentialAction\":[{\"@type\":\"CommentAction\",\"name\":\"Comment\",\"target\":[\"https:\\\/\\\/www.fsjb.org\\\/web\\\/?p=2325#respond\"]}]},{\"@type\":\"WebPage\",\"@id\":\"https:\\\/\\\/www.fsjb.org\\\/web\\\/?p=2325\",\"url\":\"https:\\\/\\\/www.fsjb.org\\\/web\\\/?p=2325\",\"name\":\"Homenaje a nuestros compa\u00f1eros Pensionados - Fundaci&oacute;n San Jos&eacute; Buga\",\"isPartOf\":{\"@id\":\"https:\\\/\\\/www.fsjb.org\\\/web\\\/#website\"},\"primaryImageOfPage\":{\"@id\":\"https:\\\/\\\/www.fsjb.org\\\/web\\\/?p=2325#primaryimage\"},\"image\":{\"@id\":\"https:\\\/\\\/www.fsjb.org\\\/web\\\/?p=2325#primaryimage\"},\"thumbnailUrl\":\"https:\\\/\\\/www.fsjb.org\\\/web\\\/wp-content\\\/uploads\\\/WhatsApp-Image-2025-09-18-at-8.46.35-AM.jpeg\",\"datePublished\":\"2025-09-18T13:49:18+00:00\",\"dateModified\":\"2025-09-18T13:49:20+00:00\",\"breadcrumb\":{\"@id\":\"https:\\\/\\\/www.fsjb.org\\\/web\\\/?p=2325#breadcrumb\"},\"inLanguage\":\"es\",\"potentialAction\":[{\"@type\":\"ReadAction\",\"target\":[\"https:\\\/\\\/www.fsjb.org\\\/web\\\/?p=2325\"]}]},{\"@type\":\"ImageObject\",\"inLanguage\":\"es\",\"@id\":\"https:\\\/\\\/www.fsjb.org\\\/web\\\/?p=2325#primaryimage\",\"url\":\"https:\\\/\\\/www.fsjb.org\\\/web\\\/wp-content\\\/uploads\\\/WhatsApp-Image-2025-09-18-at-8.46.35-AM.jpeg\",\"contentUrl\":\"https:\\\/\\\/www.fsjb.org\\\/web\\\/wp-content\\\/uploads\\\/WhatsApp-Image-2025-09-18-at-8.46.35-AM.jpeg\",\"width\":1600,\"height\":1278},{\"@type\":\"BreadcrumbList\",\"@id\":\"https:\\\/\\\/www.fsjb.org\\\/web\\\/?p=2325#breadcrumb\",\"itemListElement\":[{\"@type\":\"ListItem\",\"position\":1,\"name\":\"Portada\",\"item\":\"https:\\\/\\\/www.fsjb.org\\\/web\\\/\"},{\"@type\":\"ListItem\",\"position\":2,\"name\":\"Homenaje a nuestros compa\u00f1eros Pensionados\"}]},{\"@type\":\"WebSite\",\"@id\":\"https:\\\/\\\/www.fsjb.org\\\/web\\\/#website\",\"url\":\"https:\\\/\\\/www.fsjb.org\\\/web\\\/\",\"name\":\"Fundaci\u00f3n San Jos\u00e9 Buga\",\"description\":\"Pagina web\",\"publisher\":{\"@id\":\"https:\\\/\\\/www.fsjb.org\\\/web\\\/#organization\"},\"potentialAction\":[{\"@type\":\"SearchAction\",\"target\":{\"@type\":\"EntryPoint\",\"urlTemplate\":\"https:\\\/\\\/www.fsjb.org\\\/web\\\/?s={search_term_string}\"},\"query-input\":{\"@type\":\"PropertyValueSpecification\",\"valueRequired\":true,\"valueName\":\"search_term_string\"}}],\"inLanguage\":\"es\"},{\"@type\":\"Organization\",\"@id\":\"https:\\\/\\\/www.fsjb.org\\\/web\\\/#organization\",\"name\":\"Fundaci\u00f3n San Jos\u00e9 Buga\",\"url\":\"https:\\\/\\\/www.fsjb.org\\\/web\\\/\",\"logo\":{\"@type\":\"ImageObject\",\"inLanguage\":\"es\",\"@id\":\"https:\\\/\\\/www.fsjb.org\\\/web\\\/#\\\/schema\\\/logo\\\/image\\\/\",\"url\":\"https:\\\/\\\/www.fsjb.org\\\/web\\\/wp-content\\\/uploads\\\/logo-n.png\",\"contentUrl\":\"https:\\\/\\\/www.fsjb.org\\\/web\\\/wp-content\\\/uploads\\\/logo-n.png\",\"width\":208,\"height\":166,\"caption\":\"Fundaci\u00f3n San Jos\u00e9 Buga\"},\"image\":{\"@id\":\"https:\\\/\\\/www.fsjb.org\\\/web\\\/#\\\/schema\\\/logo\\\/image\\\/\"},\"sameAs\":[\"https:\\\/\\\/www.facebook.com\\\/fundacionsanjosebuga\\\/\",\"https:\\\/\\\/co.linkedin.com\\\/company\\\/fsjb\"]},{\"@type\":\"Person\",\"@id\":\"https:\\\/\\\/www.fsjb.org\\\/web\\\/#\\\/schema\\\/person\\\/11e98cab2a8ec0a5d23ee0f7e0921939\",\"name\":\"Comunicaciones FHSJB\",\"image\":{\"@type\":\"ImageObject\",\"inLanguage\":\"es\",\"@id\":\"https:\\\/\\\/secure.gravatar.com\\\/avatar\\\/8a36dfda615c596b2494c6e23b6eaad0d1c6002142e996d48086525fbb0d3637?s=96&d=identicon&r=g\",\"url\":\"https:\\\/\\\/secure.gravatar.com\\\/avatar\\\/8a36dfda615c596b2494c6e23b6eaad0d1c6002142e996d48086525fbb0d3637?s=96&d=identicon&r=g\",\"contentUrl\":\"https:\\\/\\\/secure.gravatar.com\\\/avatar\\\/8a36dfda615c596b2494c6e23b6eaad0d1c6002142e996d48086525fbb0d3637?s=96&d=identicon&r=g\",\"caption\":\"Comunicaciones FHSJB\"},\"url\":\"https:\\\/\\\/www.fsjb.org\\\/web\\\/?author=10\"}]}<\/script>\n<!-- \/ Yoast SEO plugin. -->","yoast_head_json":{"title":"Homenaje a nuestros compa\u00f1eros Pensionados - Fundaci&oacute;n San Jos&eacute; Buga","robots":{"index":"index","follow":"follow","max-snippet":"max-snippet:-1","max-image-preview":"max-image-preview:large","max-video-preview":"max-video-preview:-1"},"canonical":"https:\/\/www.fsjb.org\/web\/?p=2325","og_locale":"es_ES","og_type":"article","og_title":"Homenaje a nuestros compa\u00f1eros Pensionados - Fundaci&oacute;n San Jos&eacute; Buga","og_description":"En la Fundaci\u00f3n San Jos\u00e9 de Buga, creemos que el verdadero valor de una instituci\u00f3n se construye con el compromiso, la vocaci\u00f3n y el legado de quienes la han hecho crecer con su trabajo diario. Por ello, en un acto lleno de gratitud y reconocimiento, rendimos homenaje a dos de nuestros compa\u00f1eros que culminan su [&hellip;]","og_url":"https:\/\/www.fsjb.org\/web\/?p=2325","og_site_name":"Fundaci&oacute;n San Jos&eacute; Buga","article_publisher":"https:\/\/www.facebook.com\/fundacionsanjosebuga\/","article_published_time":"2025-09-18T13:49:18+00:00","article_modified_time":"2025-09-18T13:49:20+00:00","og_image":[{"width":1600,"height":1278,"url":"https:\/\/www.fsjb.org\/web\/wp-content\/uploads\/WhatsApp-Image-2025-09-18-at-8.46.35-AM.jpeg","type":"image\/jpeg"}],"author":"Comunicaciones FHSJB","twitter_card":"summary_large_image","twitter_misc":{"Escrito por":"Comunicaciones FHSJB","Tiempo de lectura":"2 minutos"},"schema":{"@context":"https:\/\/schema.org","@graph":[{"@type":"Article","@id":"https:\/\/www.fsjb.org\/web\/?p=2325#article","isPartOf":{"@id":"https:\/\/www.fsjb.org\/web\/?p=2325"},"author":{"name":"Comunicaciones FHSJB","@id":"https:\/\/www.fsjb.org\/web\/#\/schema\/person\/11e98cab2a8ec0a5d23ee0f7e0921939"},"headline":"Homenaje a nuestros compa\u00f1eros Pensionados","datePublished":"2025-09-18T13:49:18+00:00","dateModified":"2025-09-18T13:49:20+00:00","mainEntityOfPage":{"@id":"https:\/\/www.fsjb.org\/web\/?p=2325"},"wordCount":291,"commentCount":0,"publisher":{"@id":"https:\/\/www.fsjb.org\/web\/#organization"},"image":{"@id":"https:\/\/www.fsjb.org\/web\/?p=2325#primaryimage"},"thumbnailUrl":"https:\/\/www.fsjb.org\/web\/wp-content\/uploads\/WhatsApp-Image-2025-09-18-at-8.46.35-AM.jpeg","articleSection":["Noticias"],"inLanguage":"es","potentialAction":[{"@type":"CommentAction","name":"Comment","target":["https:\/\/www.fsjb.org\/web\/?p=2325#respond"]}]},{"@type":"WebPage","@id":"https:\/\/www.fsjb.org\/web\/?p=2325","url":"https:\/\/www.fsjb.org\/web\/?p=2325","name":"Homenaje a nuestros compa\u00f1eros Pensionados - Fundaci&oacute;n San Jos&eacute; Buga","isPartOf":{"@id":"https:\/\/www.fsjb.org\/web\/#website"},"primaryImageOfPage":{"@id":"https:\/\/www.fsjb.org\/web\/?p=2325#primaryimage"},"image":{"@id":"https:\/\/www.fsjb.org\/web\/?p=2325#primaryimage"},"thumbnailUrl":"https:\/\/www.fsjb.org\/web\/wp-content\/uploads\/WhatsApp-Image-2025-09-18-at-8.46.35-AM.jpeg","datePublished":"2025-09-18T13:49:18+00:00","dateModified":"2025-09-18T13:49:20+00:00","breadcrumb":{"@id":"https:\/\/www.fsjb.org\/web\/?p=2325#breadcrumb"},"inLanguage":"es","potentialAction":[{"@type":"ReadAction","target":["https:\/\/www.fsjb.org\/web\/?p=2325"]}]},{"@type":"ImageObject","inLanguage":"es","@id":"https:\/\/www.fsjb.org\/web\/?p=2325#primaryimage","url":"https:\/\/www.fsjb.org\/web\/wp-content\/uploads\/WhatsApp-Image-2025-09-18-at-8.46.35-AM.jpeg","contentUrl":"https:\/\/www.fsjb.org\/web\/wp-content\/uploads\/WhatsApp-Image-2025-09-18-at-8.46.35-AM.jpeg","width":1600,"height":1278},{"@type":"BreadcrumbList","@id":"https:\/\/www.fsjb.org\/web\/?p=2325#breadcrumb","itemListElement":[{"@type":"ListItem","position":1,"name":"Portada","item":"https:\/\/www.fsjb.org\/web\/"},{"@type":"ListItem","position":2,"name":"Homenaje a nuestros compa\u00f1eros Pensionados"}]},{"@type":"WebSite","@id":"https:\/\/www.fsjb.org\/web\/#website","url":"https:\/\/www.fsjb.org\/web\/","name":"Fundaci\u00f3n San Jos\u00e9 Buga","description":"Pagina web","publisher":{"@id":"https:\/\/www.fsjb.org\/web\/#organization"},"potentialAction":[{"@type":"SearchAction","target":{"@type":"EntryPoint","urlTemplate":"https:\/\/www.fsjb.org\/web\/?s={search_term_string}"},"query-input":{"@type":"PropertyValueSpecification","valueRequired":true,"valueName":"search_term_string"}}],"inLanguage":"es"},{"@type":"Organization","@id":"https:\/\/www.fsjb.org\/web\/#organization","name":"Fundaci\u00f3n San Jos\u00e9 Buga","url":"https:\/\/www.fsjb.org\/web\/","logo":{"@type":"ImageObject","inLanguage":"es","@id":"https:\/\/www.fsjb.org\/web\/#\/schema\/logo\/image\/","url":"https:\/\/www.fsjb.org\/web\/wp-content\/uploads\/logo-n.png","contentUrl":"https:\/\/www.fsjb.org\/web\/wp-content\/uploads\/logo-n.png","width":208,"height":166,"caption":"Fundaci\u00f3n San Jos\u00e9 Buga"},"image":{"@id":"https:\/\/www.fsjb.org\/web\/#\/schema\/logo\/image\/"},"sameAs":["https:\/\/www.facebook.com\/fundacionsanjosebuga\/","https:\/\/co.linkedin.com\/company\/fsjb"]},{"@type":"Person","@id":"https:\/\/www.fsjb.org\/web\/#\/schema\/person\/11e98cab2a8ec0a5d23ee0f7e0921939","name":"Comunicaciones FHSJB","image":{"@type":"ImageObject","inLanguage":"es","@id":"https:\/\/secure.gravatar.com\/avatar\/8a36dfda615c596b2494c6e23b6eaad0d1c6002142e996d48086525fbb0d3637?s=96&d=identicon&r=g","url":"https:\/\/secure.gravatar.com\/avatar\/8a36dfda615c596b2494c6e23b6eaad0d1c6002142e996d48086525fbb0d3637?s=96&d=identicon&r=g","contentUrl":"https:\/\/secure.gravatar.com\/avatar\/8a36dfda615c596b2494c6e23b6eaad0d1c6002142e996d48086525fbb0d3637?s=96&d=identicon&r=g","caption":"Comunicaciones FHSJB"},"url":"https:\/\/www.fsjb.org\/web\/?author=10"}]}},"_links":{"self":[{"href":"https:\/\/www.fsjb.org\/web\/index.php?rest_route=\/wp\/v2\/posts\/2325","targetHints":{"allow":["GET"]}}],"collection":[{"href":"https:\/\/www.fsjb.org\/web\/index.php?rest_route=\/wp\/v2\/posts"}],"about":[{"href":"https:\/\/www.fsjb.org\/web\/index.php?rest_route=\/wp\/v2\/types\/post"}],"author":[{"embeddable":true,"href":"https:\/\/www.fsjb.org\/web\/index.php?rest_route=\/wp\/v2\/users\/10"}],"replies":[{"embeddable":true,"href":"https:\/\/www.fsjb.org\/web\/index.php?rest_route=%2Fwp%2Fv2%2Fcomments&post=2325"}],"version-history":[{"count":0,"href":"https:\/\/www.fsjb.org\/web\/index.php?rest_route=\/wp\/v2\/posts\/2325\/revisions"}],"wp:featuredmedia":[{"embeddable":true,"href":"https:\/\/www.fsjb.org\/web\/index.php?rest_route=\/wp\/v2\/media\/2326"}],"wp:attachment":[{"href":"https:\/\/www.fsjb.org\/web\/index.php?rest_route=%2Fwp%2Fv2%2Fmedia&parent=2325"}],"wp:term":[{"taxonomy":"category","embeddable":true,"href":"https:\/\/www.fsjb.org\/web\/index.php?rest_route=%2Fwp%2Fv2%2Fcategories&post=2325"},{"taxonomy":"post_tag","embeddable":true,"href":"https:\/\/www.fsjb.org\/web\/index.php?rest_route=%2Fwp%2Fv2%2Ftags&post=2325"}],"curies":[{"name":"wp","href":"https:\/\/api.w.org\/{rel}","templated":true}]}}