{"id":2323,"date":"2025-09-18T08:24:01","date_gmt":"2025-09-18T13:24:01","guid":{"rendered":"https:\/\/www.fsjb.org\/web\/?p=2323"},"modified":"2025-09-18T08:24:21","modified_gmt":"2025-09-18T13:24:21","slug":"dia-internacional-de-la-seguridad-del-paciente-17-septiembre-2025","status":"publish","type":"post","link":"https:\/\/www.fsjb.org\/web\/?p=2323","title":{"rendered":"D\u00eda Internacional de la Seguridad del Paciente 17 septiembre 2025"},"content":{"rendered":"\n<p><\/p>\n\n\n\n<p>El d\u00eda de ayer, 17 de septiembre, en la Fundaci\u00f3n nos unimos a la conmemoraci\u00f3n del <strong>D\u00eda Internacional de la Seguridad del Paciente<\/strong>, bajo el lema propuesto por la Organizaci\u00f3n Mundial de la Salud (OMS):<br><strong>\u201cSeguridad del paciente desde el comienzo\u201d<\/strong>.<\/p>\n\n\n\n<p>Este a\u00f1o, la estrategia se enfoca en promover <strong>cuidados seguros para todos los reci\u00e9n nacidos y ni\u00f1os,<\/strong> reconociendo que esta poblaci\u00f3n contin\u00faa siendo especialmente vulnerable a los riesgos relacionados con la seguridad en la atenci\u00f3n en salud.<\/p>\n\n\n\n<p>Nuestra instituci\u00f3n, como parte de su responsabilidad social y vocaci\u00f3n de servicio, ha establecido a lo largo de su trayectoria un compromiso ineludible con las familias del centro y norte del Valle del Cauca y con todos los ni\u00f1os de Colombia, manteniendo de forma ininterrumpida los servicios que prestan atenci\u00f3n a maternas, neonatos y pacientes pedi\u00e1tricos.<\/p>\n\n\n\n<p>Aunque el lema est\u00e1 dirigido a la poblaci\u00f3n materno-infantil, la OMS nos invita a reflexionar y sensibilizarnos sobre aspectos clave que impactan la seguridad de todos nuestros pacientes:<\/p>\n\n\n\n<ul class=\"wp-block-list\">\n<li> <strong>Parto seguro<\/strong><\/li>\n\n\n\n<li> <strong>Uso seguro de medicamentos<\/strong><\/li>\n\n\n\n<li> <strong>Seguridad en la inmunizaci\u00f3n<\/strong><\/li>\n\n\n\n<li> <strong>Prevenci\u00f3n de infecciones<\/strong><\/li>\n\n\n\n<li> <strong>Participaci\u00f3n activa de cuidadores y familiares en la atenci\u00f3n<\/strong><\/li>\n<\/ul>\n\n\n\n<p>La OMS tambi\u00e9n destaca que el \u00e9xito en la seguridad del paciente es el resultado de los esfuerzos conjuntos de todas las personas que participan en su atenci\u00f3n, desde cada rol que desempe\u00f1amos, contribuyendo a la<strong> <\/strong>prevenci\u00f3n de eventos adversos evitables.<\/p>\n\n\n\n<p>Desde Gesti\u00f3n de la Calidad en Salud, con el apoyo de la Alta Direcci\u00f3n, se invita a toda la instituci\u00f3n a honrar y reconocer el compromiso de nuestros colaboradores con la seguridad de los pacientes, reafirmando que su dedicaci\u00f3n y responsabilidad son fundamentales para brindar una atenci\u00f3n segura, humanizada y de calidad.<\/p>\n\n\n\n<p>\u00a1Gracias por ser parte de este prop\u00f3sito!<\/p>\n ","protected":false},"excerpt":{"rendered":"<p>El d\u00eda de ayer, 17 de septiembre, en la Fundaci\u00f3n nos unimos a la conmemoraci\u00f3n del D\u00eda Internacional de la Seguridad del Paciente, bajo el lema propuesto por la Organizaci\u00f3n Mundial de la Salud (OMS):\u201cSeguridad del paciente desde el comienzo\u201d. Este a\u00f1o, la estrategia se enfoca en promover cuidados seguros para todos los reci\u00e9n nacidos [&hellip;]<\/p>\n","protected":false},"author":10,"featured_media":2324,"comment_status":"open","ping_status":"open","sticky":false,"template":"","format":"standard","meta":{"_cbd_carousel_blocks":"[]","footnotes":""},"categories":[9],"tags":[],"class_list":["post-2323","post","type-post","status-publish","format-standard","has-post-thumbnail","hentry","category-noticias"],"yoast_head":"<!-- This site is optimized with the Yoast SEO plugin v27.5 - https:\/\/yoast.com\/product\/yoast-seo-wordpress\/ -->\n<title>D\u00eda Internacional de la Seguridad del Paciente 17 septiembre 2025 - Fundaci&oacute;n San Jos&eacute; Buga<\/title>\n<meta name=\"robots\" content=\"index, follow, max-snippet:-1, max-image-preview:large, max-video-preview:-1\" \/>\n<link rel=\"canonical\" href=\"https:\/\/www.fsjb.org\/web\/?p=2323\" \/>\n<meta property=\"og:locale\" content=\"es_ES\" \/>\n<meta property=\"og:type\" content=\"article\" \/>\n<meta property=\"og:title\" content=\"D\u00eda Internacional de la Seguridad del Paciente 17 septiembre 2025 - Fundaci&oacute;n San Jos&eacute; Buga\" \/>\n<meta property=\"og:description\" content=\"El d\u00eda de ayer, 17 de septiembre, en la Fundaci\u00f3n nos unimos a la conmemoraci\u00f3n del D\u00eda Internacional de la Seguridad del Paciente, bajo el lema propuesto por la Organizaci\u00f3n Mundial de la Salud (OMS):\u201cSeguridad del paciente desde el comienzo\u201d. Este a\u00f1o, la estrategia se enfoca en promover cuidados seguros para todos los reci\u00e9n nacidos [&hellip;]\" \/>\n<meta property=\"og:url\" content=\"https:\/\/www.fsjb.org\/web\/?p=2323\" \/>\n<meta property=\"og:site_name\" content=\"Fundaci&oacute;n San Jos&eacute; Buga\" \/>\n<meta property=\"article:publisher\" content=\"https:\/\/www.facebook.com\/fundacionsanjosebuga\/\" \/>\n<meta property=\"article:published_time\" content=\"2025-09-18T13:24:01+00:00\" \/>\n<meta property=\"article:modified_time\" content=\"2025-09-18T13:24:21+00:00\" \/>\n<meta property=\"og:image\" content=\"https:\/\/www.fsjb.org\/web\/wp-content\/uploads\/WhatsApp-Image-2025-09-18-at-8.16.17-AM.jpeg\" \/>\n\t<meta property=\"og:image:width\" content=\"1600\" \/>\n\t<meta property=\"og:image:height\" content=\"664\" \/>\n\t<meta property=\"og:image:type\" content=\"image\/jpeg\" \/>\n<meta name=\"author\" content=\"Comunicaciones FHSJB\" \/>\n<meta name=\"twitter:card\" content=\"summary_large_image\" \/>\n<meta name=\"twitter:label1\" content=\"Escrito por\" \/>\n\t<meta name=\"twitter:data1\" content=\"Comunicaciones FHSJB\" \/>\n\t<meta name=\"twitter:label2\" content=\"Tiempo de lectura\" \/>\n\t<meta name=\"twitter:data2\" content=\"2 minutos\" \/>\n<script type=\"application\/ld+json\" class=\"yoast-schema-graph\">{\"@context\":\"https:\\\/\\\/schema.org\",\"@graph\":[{\"@type\":\"Article\",\"@id\":\"https:\\\/\\\/www.fsjb.org\\\/web\\\/?p=2323#article\",\"isPartOf\":{\"@id\":\"https:\\\/\\\/www.fsjb.org\\\/web\\\/?p=2323\"},\"author\":{\"name\":\"Comunicaciones FHSJB\",\"@id\":\"https:\\\/\\\/www.fsjb.org\\\/web\\\/#\\\/schema\\\/person\\\/11e98cab2a8ec0a5d23ee0f7e0921939\"},\"headline\":\"D\u00eda Internacional de la Seguridad del Paciente 17 septiembre 2025\",\"datePublished\":\"2025-09-18T13:24:01+00:00\",\"dateModified\":\"2025-09-18T13:24:21+00:00\",\"mainEntityOfPage\":{\"@id\":\"https:\\\/\\\/www.fsjb.org\\\/web\\\/?p=2323\"},\"wordCount\":323,\"commentCount\":0,\"publisher\":{\"@id\":\"https:\\\/\\\/www.fsjb.org\\\/web\\\/#organization\"},\"image\":{\"@id\":\"https:\\\/\\\/www.fsjb.org\\\/web\\\/?p=2323#primaryimage\"},\"thumbnailUrl\":\"https:\\\/\\\/www.fsjb.org\\\/web\\\/wp-content\\\/uploads\\\/WhatsApp-Image-2025-09-18-at-8.16.17-AM.jpeg\",\"articleSection\":[\"Noticias\"],\"inLanguage\":\"es\",\"potentialAction\":[{\"@type\":\"CommentAction\",\"name\":\"Comment\",\"target\":[\"https:\\\/\\\/www.fsjb.org\\\/web\\\/?p=2323#respond\"]}]},{\"@type\":\"WebPage\",\"@id\":\"https:\\\/\\\/www.fsjb.org\\\/web\\\/?p=2323\",\"url\":\"https:\\\/\\\/www.fsjb.org\\\/web\\\/?p=2323\",\"name\":\"D\u00eda Internacional de la Seguridad del Paciente 17 septiembre 2025 - Fundaci&oacute;n San Jos&eacute; Buga\",\"isPartOf\":{\"@id\":\"https:\\\/\\\/www.fsjb.org\\\/web\\\/#website\"},\"primaryImageOfPage\":{\"@id\":\"https:\\\/\\\/www.fsjb.org\\\/web\\\/?p=2323#primaryimage\"},\"image\":{\"@id\":\"https:\\\/\\\/www.fsjb.org\\\/web\\\/?p=2323#primaryimage\"},\"thumbnailUrl\":\"https:\\\/\\\/www.fsjb.org\\\/web\\\/wp-content\\\/uploads\\\/WhatsApp-Image-2025-09-18-at-8.16.17-AM.jpeg\",\"datePublished\":\"2025-09-18T13:24:01+00:00\",\"dateModified\":\"2025-09-18T13:24:21+00:00\",\"breadcrumb\":{\"@id\":\"https:\\\/\\\/www.fsjb.org\\\/web\\\/?p=2323#breadcrumb\"},\"inLanguage\":\"es\",\"potentialAction\":[{\"@type\":\"ReadAction\",\"target\":[\"https:\\\/\\\/www.fsjb.org\\\/web\\\/?p=2323\"]}]},{\"@type\":\"ImageObject\",\"inLanguage\":\"es\",\"@id\":\"https:\\\/\\\/www.fsjb.org\\\/web\\\/?p=2323#primaryimage\",\"url\":\"https:\\\/\\\/www.fsjb.org\\\/web\\\/wp-content\\\/uploads\\\/WhatsApp-Image-2025-09-18-at-8.16.17-AM.jpeg\",\"contentUrl\":\"https:\\\/\\\/www.fsjb.org\\\/web\\\/wp-content\\\/uploads\\\/WhatsApp-Image-2025-09-18-at-8.16.17-AM.jpeg\",\"width\":1600,\"height\":664},{\"@type\":\"BreadcrumbList\",\"@id\":\"https:\\\/\\\/www.fsjb.org\\\/web\\\/?p=2323#breadcrumb\",\"itemListElement\":[{\"@type\":\"ListItem\",\"position\":1,\"name\":\"Portada\",\"item\":\"https:\\\/\\\/www.fsjb.org\\\/web\\\/\"},{\"@type\":\"ListItem\",\"position\":2,\"name\":\"D\u00eda Internacional de la Seguridad del Paciente 17 septiembre 2025\"}]},{\"@type\":\"WebSite\",\"@id\":\"https:\\\/\\\/www.fsjb.org\\\/web\\\/#website\",\"url\":\"https:\\\/\\\/www.fsjb.org\\\/web\\\/\",\"name\":\"Fundaci\u00f3n San Jos\u00e9 Buga\",\"description\":\"Pagina web\",\"publisher\":{\"@id\":\"https:\\\/\\\/www.fsjb.org\\\/web\\\/#organization\"},\"potentialAction\":[{\"@type\":\"SearchAction\",\"target\":{\"@type\":\"EntryPoint\",\"urlTemplate\":\"https:\\\/\\\/www.fsjb.org\\\/web\\\/?s={search_term_string}\"},\"query-input\":{\"@type\":\"PropertyValueSpecification\",\"valueRequired\":true,\"valueName\":\"search_term_string\"}}],\"inLanguage\":\"es\"},{\"@type\":\"Organization\",\"@id\":\"https:\\\/\\\/www.fsjb.org\\\/web\\\/#organization\",\"name\":\"Fundaci\u00f3n San Jos\u00e9 Buga\",\"url\":\"https:\\\/\\\/www.fsjb.org\\\/web\\\/\",\"logo\":{\"@type\":\"ImageObject\",\"inLanguage\":\"es\",\"@id\":\"https:\\\/\\\/www.fsjb.org\\\/web\\\/#\\\/schema\\\/logo\\\/image\\\/\",\"url\":\"https:\\\/\\\/www.fsjb.org\\\/web\\\/wp-content\\\/uploads\\\/logo-n.png\",\"contentUrl\":\"https:\\\/\\\/www.fsjb.org\\\/web\\\/wp-content\\\/uploads\\\/logo-n.png\",\"width\":208,\"height\":166,\"caption\":\"Fundaci\u00f3n San Jos\u00e9 Buga\"},\"image\":{\"@id\":\"https:\\\/\\\/www.fsjb.org\\\/web\\\/#\\\/schema\\\/logo\\\/image\\\/\"},\"sameAs\":[\"https:\\\/\\\/www.facebook.com\\\/fundacionsanjosebuga\\\/\",\"https:\\\/\\\/co.linkedin.com\\\/company\\\/fsjb\"]},{\"@type\":\"Person\",\"@id\":\"https:\\\/\\\/www.fsjb.org\\\/web\\\/#\\\/schema\\\/person\\\/11e98cab2a8ec0a5d23ee0f7e0921939\",\"name\":\"Comunicaciones FHSJB\",\"image\":{\"@type\":\"ImageObject\",\"inLanguage\":\"es\",\"@id\":\"https:\\\/\\\/secure.gravatar.com\\\/avatar\\\/8a36dfda615c596b2494c6e23b6eaad0d1c6002142e996d48086525fbb0d3637?s=96&d=identicon&r=g\",\"url\":\"https:\\\/\\\/secure.gravatar.com\\\/avatar\\\/8a36dfda615c596b2494c6e23b6eaad0d1c6002142e996d48086525fbb0d3637?s=96&d=identicon&r=g\",\"contentUrl\":\"https:\\\/\\\/secure.gravatar.com\\\/avatar\\\/8a36dfda615c596b2494c6e23b6eaad0d1c6002142e996d48086525fbb0d3637?s=96&d=identicon&r=g\",\"caption\":\"Comunicaciones FHSJB\"},\"url\":\"https:\\\/\\\/www.fsjb.org\\\/web\\\/?author=10\"}]}<\/script>\n<!-- \/ Yoast SEO plugin. -->","yoast_head_json":{"title":"D\u00eda Internacional de la Seguridad del Paciente 17 septiembre 2025 - Fundaci&oacute;n San Jos&eacute; Buga","robots":{"index":"index","follow":"follow","max-snippet":"max-snippet:-1","max-image-preview":"max-image-preview:large","max-video-preview":"max-video-preview:-1"},"canonical":"https:\/\/www.fsjb.org\/web\/?p=2323","og_locale":"es_ES","og_type":"article","og_title":"D\u00eda Internacional de la Seguridad del Paciente 17 septiembre 2025 - Fundaci&oacute;n San Jos&eacute; Buga","og_description":"El d\u00eda de ayer, 17 de septiembre, en la Fundaci\u00f3n nos unimos a la conmemoraci\u00f3n del D\u00eda Internacional de la Seguridad del Paciente, bajo el lema propuesto por la Organizaci\u00f3n Mundial de la Salud (OMS):\u201cSeguridad del paciente desde el comienzo\u201d. Este a\u00f1o, la estrategia se enfoca en promover cuidados seguros para todos los reci\u00e9n nacidos [&hellip;]","og_url":"https:\/\/www.fsjb.org\/web\/?p=2323","og_site_name":"Fundaci&oacute;n San Jos&eacute; Buga","article_publisher":"https:\/\/www.facebook.com\/fundacionsanjosebuga\/","article_published_time":"2025-09-18T13:24:01+00:00","article_modified_time":"2025-09-18T13:24:21+00:00","og_image":[{"width":1600,"height":664,"url":"https:\/\/www.fsjb.org\/web\/wp-content\/uploads\/WhatsApp-Image-2025-09-18-at-8.16.17-AM.jpeg","type":"image\/jpeg"}],"author":"Comunicaciones FHSJB","twitter_card":"summary_large_image","twitter_misc":{"Escrito por":"Comunicaciones FHSJB","Tiempo de lectura":"2 minutos"},"schema":{"@context":"https:\/\/schema.org","@graph":[{"@type":"Article","@id":"https:\/\/www.fsjb.org\/web\/?p=2323#article","isPartOf":{"@id":"https:\/\/www.fsjb.org\/web\/?p=2323"},"author":{"name":"Comunicaciones FHSJB","@id":"https:\/\/www.fsjb.org\/web\/#\/schema\/person\/11e98cab2a8ec0a5d23ee0f7e0921939"},"headline":"D\u00eda Internacional de la Seguridad del Paciente 17 septiembre 2025","datePublished":"2025-09-18T13:24:01+00:00","dateModified":"2025-09-18T13:24:21+00:00","mainEntityOfPage":{"@id":"https:\/\/www.fsjb.org\/web\/?p=2323"},"wordCount":323,"commentCount":0,"publisher":{"@id":"https:\/\/www.fsjb.org\/web\/#organization"},"image":{"@id":"https:\/\/www.fsjb.org\/web\/?p=2323#primaryimage"},"thumbnailUrl":"https:\/\/www.fsjb.org\/web\/wp-content\/uploads\/WhatsApp-Image-2025-09-18-at-8.16.17-AM.jpeg","articleSection":["Noticias"],"inLanguage":"es","potentialAction":[{"@type":"CommentAction","name":"Comment","target":["https:\/\/www.fsjb.org\/web\/?p=2323#respond"]}]},{"@type":"WebPage","@id":"https:\/\/www.fsjb.org\/web\/?p=2323","url":"https:\/\/www.fsjb.org\/web\/?p=2323","name":"D\u00eda Internacional de la Seguridad del Paciente 17 septiembre 2025 - Fundaci&oacute;n San Jos&eacute; Buga","isPartOf":{"@id":"https:\/\/www.fsjb.org\/web\/#website"},"primaryImageOfPage":{"@id":"https:\/\/www.fsjb.org\/web\/?p=2323#primaryimage"},"image":{"@id":"https:\/\/www.fsjb.org\/web\/?p=2323#primaryimage"},"thumbnailUrl":"https:\/\/www.fsjb.org\/web\/wp-content\/uploads\/WhatsApp-Image-2025-09-18-at-8.16.17-AM.jpeg","datePublished":"2025-09-18T13:24:01+00:00","dateModified":"2025-09-18T13:24:21+00:00","breadcrumb":{"@id":"https:\/\/www.fsjb.org\/web\/?p=2323#breadcrumb"},"inLanguage":"es","potentialAction":[{"@type":"ReadAction","target":["https:\/\/www.fsjb.org\/web\/?p=2323"]}]},{"@type":"ImageObject","inLanguage":"es","@id":"https:\/\/www.fsjb.org\/web\/?p=2323#primaryimage","url":"https:\/\/www.fsjb.org\/web\/wp-content\/uploads\/WhatsApp-Image-2025-09-18-at-8.16.17-AM.jpeg","contentUrl":"https:\/\/www.fsjb.org\/web\/wp-content\/uploads\/WhatsApp-Image-2025-09-18-at-8.16.17-AM.jpeg","width":1600,"height":664},{"@type":"BreadcrumbList","@id":"https:\/\/www.fsjb.org\/web\/?p=2323#breadcrumb","itemListElement":[{"@type":"ListItem","position":1,"name":"Portada","item":"https:\/\/www.fsjb.org\/web\/"},{"@type":"ListItem","position":2,"name":"D\u00eda Internacional de la Seguridad del Paciente 17 septiembre 2025"}]},{"@type":"WebSite","@id":"https:\/\/www.fsjb.org\/web\/#website","url":"https:\/\/www.fsjb.org\/web\/","name":"Fundaci\u00f3n San Jos\u00e9 Buga","description":"Pagina web","publisher":{"@id":"https:\/\/www.fsjb.org\/web\/#organization"},"potentialAction":[{"@type":"SearchAction","target":{"@type":"EntryPoint","urlTemplate":"https:\/\/www.fsjb.org\/web\/?s={search_term_string}"},"query-input":{"@type":"PropertyValueSpecification","valueRequired":true,"valueName":"search_term_string"}}],"inLanguage":"es"},{"@type":"Organization","@id":"https:\/\/www.fsjb.org\/web\/#organization","name":"Fundaci\u00f3n San Jos\u00e9 Buga","url":"https:\/\/www.fsjb.org\/web\/","logo":{"@type":"ImageObject","inLanguage":"es","@id":"https:\/\/www.fsjb.org\/web\/#\/schema\/logo\/image\/","url":"https:\/\/www.fsjb.org\/web\/wp-content\/uploads\/logo-n.png","contentUrl":"https:\/\/www.fsjb.org\/web\/wp-content\/uploads\/logo-n.png","width":208,"height":166,"caption":"Fundaci\u00f3n San Jos\u00e9 Buga"},"image":{"@id":"https:\/\/www.fsjb.org\/web\/#\/schema\/logo\/image\/"},"sameAs":["https:\/\/www.facebook.com\/fundacionsanjosebuga\/","https:\/\/co.linkedin.com\/company\/fsjb"]},{"@type":"Person","@id":"https:\/\/www.fsjb.org\/web\/#\/schema\/person\/11e98cab2a8ec0a5d23ee0f7e0921939","name":"Comunicaciones FHSJB","image":{"@type":"ImageObject","inLanguage":"es","@id":"https:\/\/secure.gravatar.com\/avatar\/8a36dfda615c596b2494c6e23b6eaad0d1c6002142e996d48086525fbb0d3637?s=96&d=identicon&r=g","url":"https:\/\/secure.gravatar.com\/avatar\/8a36dfda615c596b2494c6e23b6eaad0d1c6002142e996d48086525fbb0d3637?s=96&d=identicon&r=g","contentUrl":"https:\/\/secure.gravatar.com\/avatar\/8a36dfda615c596b2494c6e23b6eaad0d1c6002142e996d48086525fbb0d3637?s=96&d=identicon&r=g","caption":"Comunicaciones FHSJB"},"url":"https:\/\/www.fsjb.org\/web\/?author=10"}]}},"_links":{"self":[{"href":"https:\/\/www.fsjb.org\/web\/index.php?rest_route=\/wp\/v2\/posts\/2323","targetHints":{"allow":["GET"]}}],"collection":[{"href":"https:\/\/www.fsjb.org\/web\/index.php?rest_route=\/wp\/v2\/posts"}],"about":[{"href":"https:\/\/www.fsjb.org\/web\/index.php?rest_route=\/wp\/v2\/types\/post"}],"author":[{"embeddable":true,"href":"https:\/\/www.fsjb.org\/web\/index.php?rest_route=\/wp\/v2\/users\/10"}],"replies":[{"embeddable":true,"href":"https:\/\/www.fsjb.org\/web\/index.php?rest_route=%2Fwp%2Fv2%2Fcomments&post=2323"}],"version-history":[{"count":0,"href":"https:\/\/www.fsjb.org\/web\/index.php?rest_route=\/wp\/v2\/posts\/2323\/revisions"}],"wp:featuredmedia":[{"embeddable":true,"href":"https:\/\/www.fsjb.org\/web\/index.php?rest_route=\/wp\/v2\/media\/2324"}],"wp:attachment":[{"href":"https:\/\/www.fsjb.org\/web\/index.php?rest_route=%2Fwp%2Fv2%2Fmedia&parent=2323"}],"wp:term":[{"taxonomy":"category","embeddable":true,"href":"https:\/\/www.fsjb.org\/web\/index.php?rest_route=%2Fwp%2Fv2%2Fcategories&post=2323"},{"taxonomy":"post_tag","embeddable":true,"href":"https:\/\/www.fsjb.org\/web\/index.php?rest_route=%2Fwp%2Fv2%2Ftags&post=2323"}],"curies":[{"name":"wp","href":"https:\/\/api.w.org\/{rel}","templated":true}]}}