{"id":2317,"date":"2025-09-08T11:41:52","date_gmt":"2025-09-08T16:41:52","guid":{"rendered":"https:\/\/www.fsjb.org\/web\/?p=2317"},"modified":"2025-09-08T11:50:11","modified_gmt":"2025-09-08T16:50:11","slug":"medicos-de-la-fundacion-san-jose-de-buga-representaron-al-suroccidente-colombiano-en-el-congreso-regional-amci-2025-pasto","status":"publish","type":"post","link":"https:\/\/www.fsjb.org\/web\/?p=2317","title":{"rendered":"M\u00e9dicos de la Fundaci\u00f3n San Jos\u00e9 de Buga representaron al suroccidente colombiano en el Congreso Regional AMCI 2025 \u2013 Pasto"},"content":{"rendered":"\n<h3 class=\"wp-block-heading\"><strong>La Fundaci\u00f3n San Jos\u00e9 de Buga se enorgullece en anunciar la destacada participaci\u00f3n de dos de sus especialistas en el Simposio Regional de la Asociaci\u00f3n Colombiana de Medicina Cr\u00edtica y Cuidados Intensivos (AMCI), realizado el pasado 6 de septiembre de 2025 en la ciudad de Pasto, bajo el lema: \u201cPasto 2025: Ciencia, Innovaci\u00f3n y Liderazgo en Cuidados Intensivos\u201d.<\/strong><\/h3>\n\n\n\n<p>Durante el evento, desarrollado en el marco del <strong>Taller POCUS<\/strong> (ultrasonido a pie de cama), nuestros profesionales compartieron su experiencia cl\u00ednica y aportes en el uso de la ecograf\u00eda como herramienta fundamental en el manejo del paciente cr\u00edtico.<\/p>\n\n\n\n<p><strong>Dr. Fabricio Andr\u00e9s Caballero Lozada<\/strong><br><em>M\u00e9dico Anestesi\u00f3logo e Intensivista<\/em>, actual Jefe de la Unidad de Cuidado Intensivo de la Fundaci\u00f3n San Jos\u00e9 de Buga, particip\u00f3 como conferencista en la charla: <em>\u201cMonitor\u00eda hemodin\u00e1mica por ecograf\u00eda\u201d<\/em>, y lider\u00f3 adem\u00e1s una estaci\u00f3n pr\u00e1ctica del taller con el mismo enfoque, compartiendo su experiencia con colegas de todo el suroccidente del pa\u00eds.<\/p>\n\n\n\n<p><strong>Dr. Jorge Mi\u00f1o Bernal<\/strong><br><em>M\u00e9dico Emergenci\u00f3logo e Intensivista<\/em>, integrante del <strong>Grupo de Cuidado Intensivo de la Fundaci\u00f3n San Jos\u00e9 de Buga<\/strong>, particip\u00f3 con la conferencia: <em>\u201cEcograf\u00eda en Neurointensivo\u201d<\/em>, y lider\u00f3 tambi\u00e9n una estaci\u00f3n pr\u00e1ctica, fortaleciendo el entrenamiento de profesionales en el abordaje del paciente neurol\u00f3gico cr\u00edtico mediante ecograf\u00eda.<\/p>\n\n\n\n<p>La Fundaci\u00f3n San Jos\u00e9 de Buga reafirma as\u00ed su compromiso con la formaci\u00f3n continua, la excelencia acad\u00e9mica y la innovaci\u00f3n en el cuidado del paciente cr\u00edtico, impulsando activamente la participaci\u00f3n de su talento humano en espacios cient\u00edficos de alto nivel.<\/p>\n\n\n\n<p><strong>Felicitamos a nuestros especialistas por dejar en alto el nombre de nuestra instituci\u00f3n y contribuir al avance de la medicina intensiva en Colombia.<\/strong><\/p>\n ","protected":false},"excerpt":{"rendered":"<p>La Fundaci\u00f3n San Jos\u00e9 de Buga se enorgullece en anunciar la destacada participaci\u00f3n de dos de sus especialistas en el Simposio Regional de la Asociaci\u00f3n Colombiana de Medicina Cr\u00edtica y Cuidados Intensivos (AMCI), realizado el pasado 6 de septiembre de 2025 en la ciudad de Pasto, bajo el lema: \u201cPasto 2025: Ciencia, Innovaci\u00f3n y Liderazgo [&hellip;]<\/p>\n","protected":false},"author":10,"featured_media":2319,"comment_status":"open","ping_status":"open","sticky":false,"template":"","format":"standard","meta":{"_cbd_carousel_blocks":"[]","footnotes":""},"categories":[9],"tags":[],"class_list":["post-2317","post","type-post","status-publish","format-standard","has-post-thumbnail","hentry","category-noticias"],"yoast_head":"<!-- This site is optimized with the Yoast SEO plugin v27.5 - https:\/\/yoast.com\/product\/yoast-seo-wordpress\/ -->\n<title>M\u00e9dicos de la Fundaci\u00f3n San Jos\u00e9 de Buga representaron al suroccidente colombiano en el Congreso Regional AMCI 2025 \u2013 Pasto - Fundaci&oacute;n San Jos&eacute; Buga<\/title>\n<meta name=\"robots\" content=\"index, follow, max-snippet:-1, max-image-preview:large, max-video-preview:-1\" \/>\n<link rel=\"canonical\" href=\"https:\/\/www.fsjb.org\/web\/?p=2317\" \/>\n<meta property=\"og:locale\" content=\"es_ES\" \/>\n<meta property=\"og:type\" content=\"article\" \/>\n<meta property=\"og:title\" content=\"M\u00e9dicos de la Fundaci\u00f3n San Jos\u00e9 de Buga representaron al suroccidente colombiano en el Congreso Regional AMCI 2025 \u2013 Pasto - Fundaci&oacute;n San Jos&eacute; Buga\" \/>\n<meta property=\"og:description\" content=\"La Fundaci\u00f3n San Jos\u00e9 de Buga se enorgullece en anunciar la destacada participaci\u00f3n de dos de sus especialistas en el Simposio Regional de la Asociaci\u00f3n Colombiana de Medicina Cr\u00edtica y Cuidados Intensivos (AMCI), realizado el pasado 6 de septiembre de 2025 en la ciudad de Pasto, bajo el lema: \u201cPasto 2025: Ciencia, Innovaci\u00f3n y Liderazgo [&hellip;]\" \/>\n<meta property=\"og:url\" content=\"https:\/\/www.fsjb.org\/web\/?p=2317\" \/>\n<meta property=\"og:site_name\" content=\"Fundaci&oacute;n San Jos&eacute; Buga\" \/>\n<meta property=\"article:publisher\" content=\"https:\/\/www.facebook.com\/fundacionsanjosebuga\/\" \/>\n<meta property=\"article:published_time\" content=\"2025-09-08T16:41:52+00:00\" \/>\n<meta property=\"article:modified_time\" content=\"2025-09-08T16:50:11+00:00\" \/>\n<meta property=\"og:image\" content=\"https:\/\/www.fsjb.org\/web\/wp-content\/uploads\/copia.jpeg\" \/>\n\t<meta property=\"og:image:width\" content=\"1200\" \/>\n\t<meta property=\"og:image:height\" content=\"739\" \/>\n\t<meta property=\"og:image:type\" content=\"image\/jpeg\" \/>\n<meta name=\"author\" content=\"Comunicaciones FHSJB\" \/>\n<meta name=\"twitter:card\" content=\"summary_large_image\" \/>\n<meta name=\"twitter:label1\" content=\"Escrito por\" \/>\n\t<meta name=\"twitter:data1\" content=\"Comunicaciones FHSJB\" \/>\n\t<meta name=\"twitter:label2\" content=\"Tiempo de lectura\" \/>\n\t<meta name=\"twitter:data2\" content=\"2 minutos\" \/>\n<script type=\"application\/ld+json\" class=\"yoast-schema-graph\">{\"@context\":\"https:\\\/\\\/schema.org\",\"@graph\":[{\"@type\":\"Article\",\"@id\":\"https:\\\/\\\/www.fsjb.org\\\/web\\\/?p=2317#article\",\"isPartOf\":{\"@id\":\"https:\\\/\\\/www.fsjb.org\\\/web\\\/?p=2317\"},\"author\":{\"name\":\"Comunicaciones FHSJB\",\"@id\":\"https:\\\/\\\/www.fsjb.org\\\/web\\\/#\\\/schema\\\/person\\\/11e98cab2a8ec0a5d23ee0f7e0921939\"},\"headline\":\"M\u00e9dicos de la Fundaci\u00f3n San Jos\u00e9 de Buga representaron al suroccidente colombiano en el Congreso Regional AMCI 2025 \u2013 Pasto\",\"datePublished\":\"2025-09-08T16:41:52+00:00\",\"dateModified\":\"2025-09-08T16:50:11+00:00\",\"mainEntityOfPage\":{\"@id\":\"https:\\\/\\\/www.fsjb.org\\\/web\\\/?p=2317\"},\"wordCount\":319,\"commentCount\":0,\"publisher\":{\"@id\":\"https:\\\/\\\/www.fsjb.org\\\/web\\\/#organization\"},\"image\":{\"@id\":\"https:\\\/\\\/www.fsjb.org\\\/web\\\/?p=2317#primaryimage\"},\"thumbnailUrl\":\"https:\\\/\\\/www.fsjb.org\\\/web\\\/wp-content\\\/uploads\\\/copia.jpeg\",\"articleSection\":[\"Noticias\"],\"inLanguage\":\"es\",\"potentialAction\":[{\"@type\":\"CommentAction\",\"name\":\"Comment\",\"target\":[\"https:\\\/\\\/www.fsjb.org\\\/web\\\/?p=2317#respond\"]}]},{\"@type\":\"WebPage\",\"@id\":\"https:\\\/\\\/www.fsjb.org\\\/web\\\/?p=2317\",\"url\":\"https:\\\/\\\/www.fsjb.org\\\/web\\\/?p=2317\",\"name\":\"M\u00e9dicos de la Fundaci\u00f3n San Jos\u00e9 de Buga representaron al suroccidente colombiano en el Congreso Regional AMCI 2025 \u2013 Pasto - Fundaci&oacute;n San Jos&eacute; Buga\",\"isPartOf\":{\"@id\":\"https:\\\/\\\/www.fsjb.org\\\/web\\\/#website\"},\"primaryImageOfPage\":{\"@id\":\"https:\\\/\\\/www.fsjb.org\\\/web\\\/?p=2317#primaryimage\"},\"image\":{\"@id\":\"https:\\\/\\\/www.fsjb.org\\\/web\\\/?p=2317#primaryimage\"},\"thumbnailUrl\":\"https:\\\/\\\/www.fsjb.org\\\/web\\\/wp-content\\\/uploads\\\/copia.jpeg\",\"datePublished\":\"2025-09-08T16:41:52+00:00\",\"dateModified\":\"2025-09-08T16:50:11+00:00\",\"breadcrumb\":{\"@id\":\"https:\\\/\\\/www.fsjb.org\\\/web\\\/?p=2317#breadcrumb\"},\"inLanguage\":\"es\",\"potentialAction\":[{\"@type\":\"ReadAction\",\"target\":[\"https:\\\/\\\/www.fsjb.org\\\/web\\\/?p=2317\"]}]},{\"@type\":\"ImageObject\",\"inLanguage\":\"es\",\"@id\":\"https:\\\/\\\/www.fsjb.org\\\/web\\\/?p=2317#primaryimage\",\"url\":\"https:\\\/\\\/www.fsjb.org\\\/web\\\/wp-content\\\/uploads\\\/copia.jpeg\",\"contentUrl\":\"https:\\\/\\\/www.fsjb.org\\\/web\\\/wp-content\\\/uploads\\\/copia.jpeg\",\"width\":1200,\"height\":739},{\"@type\":\"BreadcrumbList\",\"@id\":\"https:\\\/\\\/www.fsjb.org\\\/web\\\/?p=2317#breadcrumb\",\"itemListElement\":[{\"@type\":\"ListItem\",\"position\":1,\"name\":\"Portada\",\"item\":\"https:\\\/\\\/www.fsjb.org\\\/web\\\/\"},{\"@type\":\"ListItem\",\"position\":2,\"name\":\"M\u00e9dicos de la Fundaci\u00f3n San Jos\u00e9 de Buga representaron al suroccidente colombiano en el Congreso Regional AMCI 2025 \u2013 Pasto\"}]},{\"@type\":\"WebSite\",\"@id\":\"https:\\\/\\\/www.fsjb.org\\\/web\\\/#website\",\"url\":\"https:\\\/\\\/www.fsjb.org\\\/web\\\/\",\"name\":\"Fundaci\u00f3n San Jos\u00e9 Buga\",\"description\":\"Pagina web\",\"publisher\":{\"@id\":\"https:\\\/\\\/www.fsjb.org\\\/web\\\/#organization\"},\"potentialAction\":[{\"@type\":\"SearchAction\",\"target\":{\"@type\":\"EntryPoint\",\"urlTemplate\":\"https:\\\/\\\/www.fsjb.org\\\/web\\\/?s={search_term_string}\"},\"query-input\":{\"@type\":\"PropertyValueSpecification\",\"valueRequired\":true,\"valueName\":\"search_term_string\"}}],\"inLanguage\":\"es\"},{\"@type\":\"Organization\",\"@id\":\"https:\\\/\\\/www.fsjb.org\\\/web\\\/#organization\",\"name\":\"Fundaci\u00f3n San Jos\u00e9 Buga\",\"url\":\"https:\\\/\\\/www.fsjb.org\\\/web\\\/\",\"logo\":{\"@type\":\"ImageObject\",\"inLanguage\":\"es\",\"@id\":\"https:\\\/\\\/www.fsjb.org\\\/web\\\/#\\\/schema\\\/logo\\\/image\\\/\",\"url\":\"https:\\\/\\\/www.fsjb.org\\\/web\\\/wp-content\\\/uploads\\\/logo-n.png\",\"contentUrl\":\"https:\\\/\\\/www.fsjb.org\\\/web\\\/wp-content\\\/uploads\\\/logo-n.png\",\"width\":208,\"height\":166,\"caption\":\"Fundaci\u00f3n San Jos\u00e9 Buga\"},\"image\":{\"@id\":\"https:\\\/\\\/www.fsjb.org\\\/web\\\/#\\\/schema\\\/logo\\\/image\\\/\"},\"sameAs\":[\"https:\\\/\\\/www.facebook.com\\\/fundacionsanjosebuga\\\/\",\"https:\\\/\\\/co.linkedin.com\\\/company\\\/fsjb\"]},{\"@type\":\"Person\",\"@id\":\"https:\\\/\\\/www.fsjb.org\\\/web\\\/#\\\/schema\\\/person\\\/11e98cab2a8ec0a5d23ee0f7e0921939\",\"name\":\"Comunicaciones FHSJB\",\"image\":{\"@type\":\"ImageObject\",\"inLanguage\":\"es\",\"@id\":\"https:\\\/\\\/secure.gravatar.com\\\/avatar\\\/8a36dfda615c596b2494c6e23b6eaad0d1c6002142e996d48086525fbb0d3637?s=96&d=identicon&r=g\",\"url\":\"https:\\\/\\\/secure.gravatar.com\\\/avatar\\\/8a36dfda615c596b2494c6e23b6eaad0d1c6002142e996d48086525fbb0d3637?s=96&d=identicon&r=g\",\"contentUrl\":\"https:\\\/\\\/secure.gravatar.com\\\/avatar\\\/8a36dfda615c596b2494c6e23b6eaad0d1c6002142e996d48086525fbb0d3637?s=96&d=identicon&r=g\",\"caption\":\"Comunicaciones FHSJB\"},\"url\":\"https:\\\/\\\/www.fsjb.org\\\/web\\\/?author=10\"}]}<\/script>\n<!-- \/ Yoast SEO plugin. -->","yoast_head_json":{"title":"M\u00e9dicos de la Fundaci\u00f3n San Jos\u00e9 de Buga representaron al suroccidente colombiano en el Congreso Regional AMCI 2025 \u2013 Pasto - Fundaci&oacute;n San Jos&eacute; Buga","robots":{"index":"index","follow":"follow","max-snippet":"max-snippet:-1","max-image-preview":"max-image-preview:large","max-video-preview":"max-video-preview:-1"},"canonical":"https:\/\/www.fsjb.org\/web\/?p=2317","og_locale":"es_ES","og_type":"article","og_title":"M\u00e9dicos de la Fundaci\u00f3n San Jos\u00e9 de Buga representaron al suroccidente colombiano en el Congreso Regional AMCI 2025 \u2013 Pasto - Fundaci&oacute;n San Jos&eacute; Buga","og_description":"La Fundaci\u00f3n San Jos\u00e9 de Buga se enorgullece en anunciar la destacada participaci\u00f3n de dos de sus especialistas en el Simposio Regional de la Asociaci\u00f3n Colombiana de Medicina Cr\u00edtica y Cuidados Intensivos (AMCI), realizado el pasado 6 de septiembre de 2025 en la ciudad de Pasto, bajo el lema: \u201cPasto 2025: Ciencia, Innovaci\u00f3n y Liderazgo [&hellip;]","og_url":"https:\/\/www.fsjb.org\/web\/?p=2317","og_site_name":"Fundaci&oacute;n San Jos&eacute; Buga","article_publisher":"https:\/\/www.facebook.com\/fundacionsanjosebuga\/","article_published_time":"2025-09-08T16:41:52+00:00","article_modified_time":"2025-09-08T16:50:11+00:00","og_image":[{"width":1200,"height":739,"url":"https:\/\/www.fsjb.org\/web\/wp-content\/uploads\/copia.jpeg","type":"image\/jpeg"}],"author":"Comunicaciones FHSJB","twitter_card":"summary_large_image","twitter_misc":{"Escrito por":"Comunicaciones FHSJB","Tiempo de lectura":"2 minutos"},"schema":{"@context":"https:\/\/schema.org","@graph":[{"@type":"Article","@id":"https:\/\/www.fsjb.org\/web\/?p=2317#article","isPartOf":{"@id":"https:\/\/www.fsjb.org\/web\/?p=2317"},"author":{"name":"Comunicaciones FHSJB","@id":"https:\/\/www.fsjb.org\/web\/#\/schema\/person\/11e98cab2a8ec0a5d23ee0f7e0921939"},"headline":"M\u00e9dicos de la Fundaci\u00f3n San Jos\u00e9 de Buga representaron al suroccidente colombiano en el Congreso Regional AMCI 2025 \u2013 Pasto","datePublished":"2025-09-08T16:41:52+00:00","dateModified":"2025-09-08T16:50:11+00:00","mainEntityOfPage":{"@id":"https:\/\/www.fsjb.org\/web\/?p=2317"},"wordCount":319,"commentCount":0,"publisher":{"@id":"https:\/\/www.fsjb.org\/web\/#organization"},"image":{"@id":"https:\/\/www.fsjb.org\/web\/?p=2317#primaryimage"},"thumbnailUrl":"https:\/\/www.fsjb.org\/web\/wp-content\/uploads\/copia.jpeg","articleSection":["Noticias"],"inLanguage":"es","potentialAction":[{"@type":"CommentAction","name":"Comment","target":["https:\/\/www.fsjb.org\/web\/?p=2317#respond"]}]},{"@type":"WebPage","@id":"https:\/\/www.fsjb.org\/web\/?p=2317","url":"https:\/\/www.fsjb.org\/web\/?p=2317","name":"M\u00e9dicos de la Fundaci\u00f3n San Jos\u00e9 de Buga representaron al suroccidente colombiano en el Congreso Regional AMCI 2025 \u2013 Pasto - Fundaci&oacute;n San Jos&eacute; Buga","isPartOf":{"@id":"https:\/\/www.fsjb.org\/web\/#website"},"primaryImageOfPage":{"@id":"https:\/\/www.fsjb.org\/web\/?p=2317#primaryimage"},"image":{"@id":"https:\/\/www.fsjb.org\/web\/?p=2317#primaryimage"},"thumbnailUrl":"https:\/\/www.fsjb.org\/web\/wp-content\/uploads\/copia.jpeg","datePublished":"2025-09-08T16:41:52+00:00","dateModified":"2025-09-08T16:50:11+00:00","breadcrumb":{"@id":"https:\/\/www.fsjb.org\/web\/?p=2317#breadcrumb"},"inLanguage":"es","potentialAction":[{"@type":"ReadAction","target":["https:\/\/www.fsjb.org\/web\/?p=2317"]}]},{"@type":"ImageObject","inLanguage":"es","@id":"https:\/\/www.fsjb.org\/web\/?p=2317#primaryimage","url":"https:\/\/www.fsjb.org\/web\/wp-content\/uploads\/copia.jpeg","contentUrl":"https:\/\/www.fsjb.org\/web\/wp-content\/uploads\/copia.jpeg","width":1200,"height":739},{"@type":"BreadcrumbList","@id":"https:\/\/www.fsjb.org\/web\/?p=2317#breadcrumb","itemListElement":[{"@type":"ListItem","position":1,"name":"Portada","item":"https:\/\/www.fsjb.org\/web\/"},{"@type":"ListItem","position":2,"name":"M\u00e9dicos de la Fundaci\u00f3n San Jos\u00e9 de Buga representaron al suroccidente colombiano en el Congreso Regional AMCI 2025 \u2013 Pasto"}]},{"@type":"WebSite","@id":"https:\/\/www.fsjb.org\/web\/#website","url":"https:\/\/www.fsjb.org\/web\/","name":"Fundaci\u00f3n San Jos\u00e9 Buga","description":"Pagina web","publisher":{"@id":"https:\/\/www.fsjb.org\/web\/#organization"},"potentialAction":[{"@type":"SearchAction","target":{"@type":"EntryPoint","urlTemplate":"https:\/\/www.fsjb.org\/web\/?s={search_term_string}"},"query-input":{"@type":"PropertyValueSpecification","valueRequired":true,"valueName":"search_term_string"}}],"inLanguage":"es"},{"@type":"Organization","@id":"https:\/\/www.fsjb.org\/web\/#organization","name":"Fundaci\u00f3n San Jos\u00e9 Buga","url":"https:\/\/www.fsjb.org\/web\/","logo":{"@type":"ImageObject","inLanguage":"es","@id":"https:\/\/www.fsjb.org\/web\/#\/schema\/logo\/image\/","url":"https:\/\/www.fsjb.org\/web\/wp-content\/uploads\/logo-n.png","contentUrl":"https:\/\/www.fsjb.org\/web\/wp-content\/uploads\/logo-n.png","width":208,"height":166,"caption":"Fundaci\u00f3n San Jos\u00e9 Buga"},"image":{"@id":"https:\/\/www.fsjb.org\/web\/#\/schema\/logo\/image\/"},"sameAs":["https:\/\/www.facebook.com\/fundacionsanjosebuga\/","https:\/\/co.linkedin.com\/company\/fsjb"]},{"@type":"Person","@id":"https:\/\/www.fsjb.org\/web\/#\/schema\/person\/11e98cab2a8ec0a5d23ee0f7e0921939","name":"Comunicaciones FHSJB","image":{"@type":"ImageObject","inLanguage":"es","@id":"https:\/\/secure.gravatar.com\/avatar\/8a36dfda615c596b2494c6e23b6eaad0d1c6002142e996d48086525fbb0d3637?s=96&d=identicon&r=g","url":"https:\/\/secure.gravatar.com\/avatar\/8a36dfda615c596b2494c6e23b6eaad0d1c6002142e996d48086525fbb0d3637?s=96&d=identicon&r=g","contentUrl":"https:\/\/secure.gravatar.com\/avatar\/8a36dfda615c596b2494c6e23b6eaad0d1c6002142e996d48086525fbb0d3637?s=96&d=identicon&r=g","caption":"Comunicaciones FHSJB"},"url":"https:\/\/www.fsjb.org\/web\/?author=10"}]}},"_links":{"self":[{"href":"https:\/\/www.fsjb.org\/web\/index.php?rest_route=\/wp\/v2\/posts\/2317","targetHints":{"allow":["GET"]}}],"collection":[{"href":"https:\/\/www.fsjb.org\/web\/index.php?rest_route=\/wp\/v2\/posts"}],"about":[{"href":"https:\/\/www.fsjb.org\/web\/index.php?rest_route=\/wp\/v2\/types\/post"}],"author":[{"embeddable":true,"href":"https:\/\/www.fsjb.org\/web\/index.php?rest_route=\/wp\/v2\/users\/10"}],"replies":[{"embeddable":true,"href":"https:\/\/www.fsjb.org\/web\/index.php?rest_route=%2Fwp%2Fv2%2Fcomments&post=2317"}],"version-history":[{"count":0,"href":"https:\/\/www.fsjb.org\/web\/index.php?rest_route=\/wp\/v2\/posts\/2317\/revisions"}],"wp:featuredmedia":[{"embeddable":true,"href":"https:\/\/www.fsjb.org\/web\/index.php?rest_route=\/wp\/v2\/media\/2319"}],"wp:attachment":[{"href":"https:\/\/www.fsjb.org\/web\/index.php?rest_route=%2Fwp%2Fv2%2Fmedia&parent=2317"}],"wp:term":[{"taxonomy":"category","embeddable":true,"href":"https:\/\/www.fsjb.org\/web\/index.php?rest_route=%2Fwp%2Fv2%2Fcategories&post=2317"},{"taxonomy":"post_tag","embeddable":true,"href":"https:\/\/www.fsjb.org\/web\/index.php?rest_route=%2Fwp%2Fv2%2Ftags&post=2317"}],"curies":[{"name":"wp","href":"https:\/\/api.w.org\/{rel}","templated":true}]}}