{"id":2246,"date":"2025-02-26T16:16:58","date_gmt":"2025-02-26T21:16:58","guid":{"rendered":"https:\/\/www.fsjb.org\/web\/?p=2246"},"modified":"2025-02-26T16:16:59","modified_gmt":"2025-02-26T21:16:59","slug":"la-fundacion-san-jose-de-buga-inaugura-su-unidad-movil-de-salud","status":"publish","type":"post","link":"https:\/\/www.fsjb.org\/web\/?p=2246","title":{"rendered":"La Fundaci\u00f3n San Jos\u00e9 de Buga inaugura su Unidad M\u00f3vil de Salud"},"content":{"rendered":"\n<p>Buga, 26 de febrero de 2025 &#8211; En un emotivo acto inaugural realizado el d\u00eda de hoy en el auditorio Hern\u00e1n Saavedra Racines, la Fundaci\u00f3n San Jos\u00e9 de Buga puso en marcha su nueva Unidad M\u00f3vil de Salud, un proyecto destinado a mejorar el acceso a servicios m\u00e9dicos en comunidades alejadas. El evento cont\u00f3 con la presencia de representantes del sector gubernamental, empresarios, entidades de salud, la academia y miembros de la comunidad, quienes destacaron la importancia de esta iniciativa para fortalecer la cobertura y equidad en la atenci\u00f3n m\u00e9dica.<\/p>\n\n\n\n<figure class=\"wp-block-image size-large\"><img loading=\"lazy\" decoding=\"async\" width=\"768\" height=\"1024\" src=\"https:\/\/www.fsjb.org\/web\/wp-content\/uploads\/e02c0bcb-13dc-45f8-9274-a8fea515fabd-768x1024.jpg\" alt=\"\" class=\"wp-image-2247\" srcset=\"https:\/\/www.fsjb.org\/web\/wp-content\/uploads\/e02c0bcb-13dc-45f8-9274-a8fea515fabd-768x1024.jpg 768w, https:\/\/www.fsjb.org\/web\/wp-content\/uploads\/e02c0bcb-13dc-45f8-9274-a8fea515fabd-225x300.jpg 225w, https:\/\/www.fsjb.org\/web\/wp-content\/uploads\/e02c0bcb-13dc-45f8-9274-a8fea515fabd-1152x1536.jpg 1152w, https:\/\/www.fsjb.org\/web\/wp-content\/uploads\/e02c0bcb-13dc-45f8-9274-a8fea515fabd.jpg 1200w\" sizes=\"auto, (max-width: 768px) 100vw, 768px\" \/><\/figure>\n\n\n\n<p>La Unidad M\u00f3vil est\u00e1 equipada con tecnolog\u00eda de \u00faltima generaci\u00f3n y cuenta con servicios de laboratorio cl\u00ednico, cardiolog\u00eda y medicina general, lo que permitir\u00e1 realizar diagn\u00f3sticos oportunos y garantizar un tratamiento adecuado para los pacientes. El valor agregado de este servicio radica en la posibilidad que tiene el paciente de acceder a la consulta m\u00e9dica, tomarse las pruebas diagn\u00f3sticas y recibir sus resultados en cuesti\u00f3n de minutos, para que as\u00ed el m\u00e9dico pueda definir rutas de atenci\u00f3n o tratamiento basado en resultados reales de laboratorio.<\/p>\n\n\n\n<p>Este innovador modelo de atenci\u00f3n busca acercar la salud a quienes m\u00e1s lo necesitan, reduciendo barreras geogr\u00e1ficas y econ\u00f3micas. Con esta iniciativa, la Fundaci\u00f3n San Jos\u00e9 de Buga reafirma su compromiso con el bienestar de las poblaciones rurales, promoviendo un modelo de salud incluyente y humanizado.<\/p>\n ","protected":false},"excerpt":{"rendered":"<p>Buga, 26 de febrero de 2025 &#8211; En un emotivo acto inaugural realizado el d\u00eda de hoy en el auditorio Hern\u00e1n Saavedra Racines, la Fundaci\u00f3n San Jos\u00e9 de Buga puso en marcha su nueva Unidad M\u00f3vil de Salud, un proyecto destinado a mejorar el acceso a servicios m\u00e9dicos en comunidades alejadas. El evento cont\u00f3 con [&hellip;]<\/p>\n","protected":false},"author":10,"featured_media":2248,"comment_status":"open","ping_status":"open","sticky":false,"template":"","format":"standard","meta":{"_cbd_carousel_blocks":"[]","footnotes":""},"categories":[9],"tags":[],"class_list":["post-2246","post","type-post","status-publish","format-standard","has-post-thumbnail","hentry","category-noticias"],"yoast_head":"<!-- This site is optimized with the Yoast SEO plugin v27.5 - https:\/\/yoast.com\/product\/yoast-seo-wordpress\/ -->\n<title>La Fundaci\u00f3n San Jos\u00e9 de Buga inaugura su Unidad M\u00f3vil de Salud - Fundaci&oacute;n San Jos&eacute; Buga<\/title>\n<meta name=\"robots\" content=\"index, follow, max-snippet:-1, max-image-preview:large, max-video-preview:-1\" \/>\n<link rel=\"canonical\" href=\"https:\/\/www.fsjb.org\/web\/?p=2246\" \/>\n<meta property=\"og:locale\" content=\"es_ES\" \/>\n<meta property=\"og:type\" content=\"article\" \/>\n<meta property=\"og:title\" content=\"La Fundaci\u00f3n San Jos\u00e9 de Buga inaugura su Unidad M\u00f3vil de Salud - Fundaci&oacute;n San Jos&eacute; Buga\" \/>\n<meta property=\"og:description\" content=\"Buga, 26 de febrero de 2025 &#8211; En un emotivo acto inaugural realizado el d\u00eda de hoy en el auditorio Hern\u00e1n Saavedra Racines, la Fundaci\u00f3n San Jos\u00e9 de Buga puso en marcha su nueva Unidad M\u00f3vil de Salud, un proyecto destinado a mejorar el acceso a servicios m\u00e9dicos en comunidades alejadas. El evento cont\u00f3 con [&hellip;]\" \/>\n<meta property=\"og:url\" content=\"https:\/\/www.fsjb.org\/web\/?p=2246\" \/>\n<meta property=\"og:site_name\" content=\"Fundaci&oacute;n San Jos&eacute; Buga\" \/>\n<meta property=\"article:publisher\" content=\"https:\/\/www.facebook.com\/fundacionsanjosebuga\/\" \/>\n<meta property=\"article:published_time\" content=\"2025-02-26T21:16:58+00:00\" \/>\n<meta property=\"article:modified_time\" content=\"2025-02-26T21:16:59+00:00\" \/>\n<meta property=\"og:image\" content=\"https:\/\/www.fsjb.org\/web\/wp-content\/uploads\/804061af-e32d-484f-acaa-8092593557cd.jpg\" \/>\n\t<meta property=\"og:image:width\" content=\"1600\" \/>\n\t<meta property=\"og:image:height\" content=\"1200\" \/>\n\t<meta property=\"og:image:type\" content=\"image\/jpeg\" \/>\n<meta name=\"author\" content=\"Comunicaciones FHSJB\" \/>\n<meta name=\"twitter:card\" content=\"summary_large_image\" \/>\n<meta name=\"twitter:label1\" content=\"Escrito por\" \/>\n\t<meta name=\"twitter:data1\" content=\"Comunicaciones FHSJB\" \/>\n\t<meta name=\"twitter:label2\" content=\"Tiempo de lectura\" \/>\n\t<meta name=\"twitter:data2\" content=\"2 minutos\" \/>\n<script type=\"application\/ld+json\" class=\"yoast-schema-graph\">{\"@context\":\"https:\\\/\\\/schema.org\",\"@graph\":[{\"@type\":\"Article\",\"@id\":\"https:\\\/\\\/www.fsjb.org\\\/web\\\/?p=2246#article\",\"isPartOf\":{\"@id\":\"https:\\\/\\\/www.fsjb.org\\\/web\\\/?p=2246\"},\"author\":{\"name\":\"Comunicaciones FHSJB\",\"@id\":\"https:\\\/\\\/www.fsjb.org\\\/web\\\/#\\\/schema\\\/person\\\/11e98cab2a8ec0a5d23ee0f7e0921939\"},\"headline\":\"La Fundaci\u00f3n San Jos\u00e9 de Buga inaugura su Unidad M\u00f3vil de Salud\",\"datePublished\":\"2025-02-26T21:16:58+00:00\",\"dateModified\":\"2025-02-26T21:16:59+00:00\",\"mainEntityOfPage\":{\"@id\":\"https:\\\/\\\/www.fsjb.org\\\/web\\\/?p=2246\"},\"wordCount\":256,\"commentCount\":0,\"publisher\":{\"@id\":\"https:\\\/\\\/www.fsjb.org\\\/web\\\/#organization\"},\"image\":{\"@id\":\"https:\\\/\\\/www.fsjb.org\\\/web\\\/?p=2246#primaryimage\"},\"thumbnailUrl\":\"https:\\\/\\\/www.fsjb.org\\\/web\\\/wp-content\\\/uploads\\\/804061af-e32d-484f-acaa-8092593557cd.jpg\",\"articleSection\":[\"Noticias\"],\"inLanguage\":\"es\",\"potentialAction\":[{\"@type\":\"CommentAction\",\"name\":\"Comment\",\"target\":[\"https:\\\/\\\/www.fsjb.org\\\/web\\\/?p=2246#respond\"]}]},{\"@type\":\"WebPage\",\"@id\":\"https:\\\/\\\/www.fsjb.org\\\/web\\\/?p=2246\",\"url\":\"https:\\\/\\\/www.fsjb.org\\\/web\\\/?p=2246\",\"name\":\"La Fundaci\u00f3n San Jos\u00e9 de Buga inaugura su Unidad M\u00f3vil de Salud - Fundaci&oacute;n San Jos&eacute; Buga\",\"isPartOf\":{\"@id\":\"https:\\\/\\\/www.fsjb.org\\\/web\\\/#website\"},\"primaryImageOfPage\":{\"@id\":\"https:\\\/\\\/www.fsjb.org\\\/web\\\/?p=2246#primaryimage\"},\"image\":{\"@id\":\"https:\\\/\\\/www.fsjb.org\\\/web\\\/?p=2246#primaryimage\"},\"thumbnailUrl\":\"https:\\\/\\\/www.fsjb.org\\\/web\\\/wp-content\\\/uploads\\\/804061af-e32d-484f-acaa-8092593557cd.jpg\",\"datePublished\":\"2025-02-26T21:16:58+00:00\",\"dateModified\":\"2025-02-26T21:16:59+00:00\",\"breadcrumb\":{\"@id\":\"https:\\\/\\\/www.fsjb.org\\\/web\\\/?p=2246#breadcrumb\"},\"inLanguage\":\"es\",\"potentialAction\":[{\"@type\":\"ReadAction\",\"target\":[\"https:\\\/\\\/www.fsjb.org\\\/web\\\/?p=2246\"]}]},{\"@type\":\"ImageObject\",\"inLanguage\":\"es\",\"@id\":\"https:\\\/\\\/www.fsjb.org\\\/web\\\/?p=2246#primaryimage\",\"url\":\"https:\\\/\\\/www.fsjb.org\\\/web\\\/wp-content\\\/uploads\\\/804061af-e32d-484f-acaa-8092593557cd.jpg\",\"contentUrl\":\"https:\\\/\\\/www.fsjb.org\\\/web\\\/wp-content\\\/uploads\\\/804061af-e32d-484f-acaa-8092593557cd.jpg\",\"width\":1600,\"height\":1200},{\"@type\":\"BreadcrumbList\",\"@id\":\"https:\\\/\\\/www.fsjb.org\\\/web\\\/?p=2246#breadcrumb\",\"itemListElement\":[{\"@type\":\"ListItem\",\"position\":1,\"name\":\"Portada\",\"item\":\"https:\\\/\\\/www.fsjb.org\\\/web\\\/\"},{\"@type\":\"ListItem\",\"position\":2,\"name\":\"La Fundaci\u00f3n San Jos\u00e9 de Buga inaugura su Unidad M\u00f3vil de Salud\"}]},{\"@type\":\"WebSite\",\"@id\":\"https:\\\/\\\/www.fsjb.org\\\/web\\\/#website\",\"url\":\"https:\\\/\\\/www.fsjb.org\\\/web\\\/\",\"name\":\"Fundaci\u00f3n San Jos\u00e9 Buga\",\"description\":\"Pagina web\",\"publisher\":{\"@id\":\"https:\\\/\\\/www.fsjb.org\\\/web\\\/#organization\"},\"potentialAction\":[{\"@type\":\"SearchAction\",\"target\":{\"@type\":\"EntryPoint\",\"urlTemplate\":\"https:\\\/\\\/www.fsjb.org\\\/web\\\/?s={search_term_string}\"},\"query-input\":{\"@type\":\"PropertyValueSpecification\",\"valueRequired\":true,\"valueName\":\"search_term_string\"}}],\"inLanguage\":\"es\"},{\"@type\":\"Organization\",\"@id\":\"https:\\\/\\\/www.fsjb.org\\\/web\\\/#organization\",\"name\":\"Fundaci\u00f3n San Jos\u00e9 Buga\",\"url\":\"https:\\\/\\\/www.fsjb.org\\\/web\\\/\",\"logo\":{\"@type\":\"ImageObject\",\"inLanguage\":\"es\",\"@id\":\"https:\\\/\\\/www.fsjb.org\\\/web\\\/#\\\/schema\\\/logo\\\/image\\\/\",\"url\":\"https:\\\/\\\/www.fsjb.org\\\/web\\\/wp-content\\\/uploads\\\/logo-n.png\",\"contentUrl\":\"https:\\\/\\\/www.fsjb.org\\\/web\\\/wp-content\\\/uploads\\\/logo-n.png\",\"width\":208,\"height\":166,\"caption\":\"Fundaci\u00f3n San Jos\u00e9 Buga\"},\"image\":{\"@id\":\"https:\\\/\\\/www.fsjb.org\\\/web\\\/#\\\/schema\\\/logo\\\/image\\\/\"},\"sameAs\":[\"https:\\\/\\\/www.facebook.com\\\/fundacionsanjosebuga\\\/\",\"https:\\\/\\\/co.linkedin.com\\\/company\\\/fsjb\"]},{\"@type\":\"Person\",\"@id\":\"https:\\\/\\\/www.fsjb.org\\\/web\\\/#\\\/schema\\\/person\\\/11e98cab2a8ec0a5d23ee0f7e0921939\",\"name\":\"Comunicaciones FHSJB\",\"image\":{\"@type\":\"ImageObject\",\"inLanguage\":\"es\",\"@id\":\"https:\\\/\\\/secure.gravatar.com\\\/avatar\\\/8a36dfda615c596b2494c6e23b6eaad0d1c6002142e996d48086525fbb0d3637?s=96&d=identicon&r=g\",\"url\":\"https:\\\/\\\/secure.gravatar.com\\\/avatar\\\/8a36dfda615c596b2494c6e23b6eaad0d1c6002142e996d48086525fbb0d3637?s=96&d=identicon&r=g\",\"contentUrl\":\"https:\\\/\\\/secure.gravatar.com\\\/avatar\\\/8a36dfda615c596b2494c6e23b6eaad0d1c6002142e996d48086525fbb0d3637?s=96&d=identicon&r=g\",\"caption\":\"Comunicaciones FHSJB\"},\"url\":\"https:\\\/\\\/www.fsjb.org\\\/web\\\/?author=10\"}]}<\/script>\n<!-- \/ Yoast SEO plugin. -->","yoast_head_json":{"title":"La Fundaci\u00f3n San Jos\u00e9 de Buga inaugura su Unidad M\u00f3vil de Salud - Fundaci&oacute;n San Jos&eacute; Buga","robots":{"index":"index","follow":"follow","max-snippet":"max-snippet:-1","max-image-preview":"max-image-preview:large","max-video-preview":"max-video-preview:-1"},"canonical":"https:\/\/www.fsjb.org\/web\/?p=2246","og_locale":"es_ES","og_type":"article","og_title":"La Fundaci\u00f3n San Jos\u00e9 de Buga inaugura su Unidad M\u00f3vil de Salud - Fundaci&oacute;n San Jos&eacute; Buga","og_description":"Buga, 26 de febrero de 2025 &#8211; En un emotivo acto inaugural realizado el d\u00eda de hoy en el auditorio Hern\u00e1n Saavedra Racines, la Fundaci\u00f3n San Jos\u00e9 de Buga puso en marcha su nueva Unidad M\u00f3vil de Salud, un proyecto destinado a mejorar el acceso a servicios m\u00e9dicos en comunidades alejadas. El evento cont\u00f3 con [&hellip;]","og_url":"https:\/\/www.fsjb.org\/web\/?p=2246","og_site_name":"Fundaci&oacute;n San Jos&eacute; Buga","article_publisher":"https:\/\/www.facebook.com\/fundacionsanjosebuga\/","article_published_time":"2025-02-26T21:16:58+00:00","article_modified_time":"2025-02-26T21:16:59+00:00","og_image":[{"width":1600,"height":1200,"url":"https:\/\/www.fsjb.org\/web\/wp-content\/uploads\/804061af-e32d-484f-acaa-8092593557cd.jpg","type":"image\/jpeg"}],"author":"Comunicaciones FHSJB","twitter_card":"summary_large_image","twitter_misc":{"Escrito por":"Comunicaciones FHSJB","Tiempo de lectura":"2 minutos"},"schema":{"@context":"https:\/\/schema.org","@graph":[{"@type":"Article","@id":"https:\/\/www.fsjb.org\/web\/?p=2246#article","isPartOf":{"@id":"https:\/\/www.fsjb.org\/web\/?p=2246"},"author":{"name":"Comunicaciones FHSJB","@id":"https:\/\/www.fsjb.org\/web\/#\/schema\/person\/11e98cab2a8ec0a5d23ee0f7e0921939"},"headline":"La Fundaci\u00f3n San Jos\u00e9 de Buga inaugura su Unidad M\u00f3vil de Salud","datePublished":"2025-02-26T21:16:58+00:00","dateModified":"2025-02-26T21:16:59+00:00","mainEntityOfPage":{"@id":"https:\/\/www.fsjb.org\/web\/?p=2246"},"wordCount":256,"commentCount":0,"publisher":{"@id":"https:\/\/www.fsjb.org\/web\/#organization"},"image":{"@id":"https:\/\/www.fsjb.org\/web\/?p=2246#primaryimage"},"thumbnailUrl":"https:\/\/www.fsjb.org\/web\/wp-content\/uploads\/804061af-e32d-484f-acaa-8092593557cd.jpg","articleSection":["Noticias"],"inLanguage":"es","potentialAction":[{"@type":"CommentAction","name":"Comment","target":["https:\/\/www.fsjb.org\/web\/?p=2246#respond"]}]},{"@type":"WebPage","@id":"https:\/\/www.fsjb.org\/web\/?p=2246","url":"https:\/\/www.fsjb.org\/web\/?p=2246","name":"La Fundaci\u00f3n San Jos\u00e9 de Buga inaugura su Unidad M\u00f3vil de Salud - Fundaci&oacute;n San Jos&eacute; Buga","isPartOf":{"@id":"https:\/\/www.fsjb.org\/web\/#website"},"primaryImageOfPage":{"@id":"https:\/\/www.fsjb.org\/web\/?p=2246#primaryimage"},"image":{"@id":"https:\/\/www.fsjb.org\/web\/?p=2246#primaryimage"},"thumbnailUrl":"https:\/\/www.fsjb.org\/web\/wp-content\/uploads\/804061af-e32d-484f-acaa-8092593557cd.jpg","datePublished":"2025-02-26T21:16:58+00:00","dateModified":"2025-02-26T21:16:59+00:00","breadcrumb":{"@id":"https:\/\/www.fsjb.org\/web\/?p=2246#breadcrumb"},"inLanguage":"es","potentialAction":[{"@type":"ReadAction","target":["https:\/\/www.fsjb.org\/web\/?p=2246"]}]},{"@type":"ImageObject","inLanguage":"es","@id":"https:\/\/www.fsjb.org\/web\/?p=2246#primaryimage","url":"https:\/\/www.fsjb.org\/web\/wp-content\/uploads\/804061af-e32d-484f-acaa-8092593557cd.jpg","contentUrl":"https:\/\/www.fsjb.org\/web\/wp-content\/uploads\/804061af-e32d-484f-acaa-8092593557cd.jpg","width":1600,"height":1200},{"@type":"BreadcrumbList","@id":"https:\/\/www.fsjb.org\/web\/?p=2246#breadcrumb","itemListElement":[{"@type":"ListItem","position":1,"name":"Portada","item":"https:\/\/www.fsjb.org\/web\/"},{"@type":"ListItem","position":2,"name":"La Fundaci\u00f3n San Jos\u00e9 de Buga inaugura su Unidad M\u00f3vil de Salud"}]},{"@type":"WebSite","@id":"https:\/\/www.fsjb.org\/web\/#website","url":"https:\/\/www.fsjb.org\/web\/","name":"Fundaci\u00f3n San Jos\u00e9 Buga","description":"Pagina web","publisher":{"@id":"https:\/\/www.fsjb.org\/web\/#organization"},"potentialAction":[{"@type":"SearchAction","target":{"@type":"EntryPoint","urlTemplate":"https:\/\/www.fsjb.org\/web\/?s={search_term_string}"},"query-input":{"@type":"PropertyValueSpecification","valueRequired":true,"valueName":"search_term_string"}}],"inLanguage":"es"},{"@type":"Organization","@id":"https:\/\/www.fsjb.org\/web\/#organization","name":"Fundaci\u00f3n San Jos\u00e9 Buga","url":"https:\/\/www.fsjb.org\/web\/","logo":{"@type":"ImageObject","inLanguage":"es","@id":"https:\/\/www.fsjb.org\/web\/#\/schema\/logo\/image\/","url":"https:\/\/www.fsjb.org\/web\/wp-content\/uploads\/logo-n.png","contentUrl":"https:\/\/www.fsjb.org\/web\/wp-content\/uploads\/logo-n.png","width":208,"height":166,"caption":"Fundaci\u00f3n San Jos\u00e9 Buga"},"image":{"@id":"https:\/\/www.fsjb.org\/web\/#\/schema\/logo\/image\/"},"sameAs":["https:\/\/www.facebook.com\/fundacionsanjosebuga\/","https:\/\/co.linkedin.com\/company\/fsjb"]},{"@type":"Person","@id":"https:\/\/www.fsjb.org\/web\/#\/schema\/person\/11e98cab2a8ec0a5d23ee0f7e0921939","name":"Comunicaciones FHSJB","image":{"@type":"ImageObject","inLanguage":"es","@id":"https:\/\/secure.gravatar.com\/avatar\/8a36dfda615c596b2494c6e23b6eaad0d1c6002142e996d48086525fbb0d3637?s=96&d=identicon&r=g","url":"https:\/\/secure.gravatar.com\/avatar\/8a36dfda615c596b2494c6e23b6eaad0d1c6002142e996d48086525fbb0d3637?s=96&d=identicon&r=g","contentUrl":"https:\/\/secure.gravatar.com\/avatar\/8a36dfda615c596b2494c6e23b6eaad0d1c6002142e996d48086525fbb0d3637?s=96&d=identicon&r=g","caption":"Comunicaciones FHSJB"},"url":"https:\/\/www.fsjb.org\/web\/?author=10"}]}},"_links":{"self":[{"href":"https:\/\/www.fsjb.org\/web\/index.php?rest_route=\/wp\/v2\/posts\/2246","targetHints":{"allow":["GET"]}}],"collection":[{"href":"https:\/\/www.fsjb.org\/web\/index.php?rest_route=\/wp\/v2\/posts"}],"about":[{"href":"https:\/\/www.fsjb.org\/web\/index.php?rest_route=\/wp\/v2\/types\/post"}],"author":[{"embeddable":true,"href":"https:\/\/www.fsjb.org\/web\/index.php?rest_route=\/wp\/v2\/users\/10"}],"replies":[{"embeddable":true,"href":"https:\/\/www.fsjb.org\/web\/index.php?rest_route=%2Fwp%2Fv2%2Fcomments&post=2246"}],"version-history":[{"count":0,"href":"https:\/\/www.fsjb.org\/web\/index.php?rest_route=\/wp\/v2\/posts\/2246\/revisions"}],"wp:featuredmedia":[{"embeddable":true,"href":"https:\/\/www.fsjb.org\/web\/index.php?rest_route=\/wp\/v2\/media\/2248"}],"wp:attachment":[{"href":"https:\/\/www.fsjb.org\/web\/index.php?rest_route=%2Fwp%2Fv2%2Fmedia&parent=2246"}],"wp:term":[{"taxonomy":"category","embeddable":true,"href":"https:\/\/www.fsjb.org\/web\/index.php?rest_route=%2Fwp%2Fv2%2Fcategories&post=2246"},{"taxonomy":"post_tag","embeddable":true,"href":"https:\/\/www.fsjb.org\/web\/index.php?rest_route=%2Fwp%2Fv2%2Ftags&post=2246"}],"curies":[{"name":"wp","href":"https:\/\/api.w.org\/{rel}","templated":true}]}}