{"id":2239,"date":"2025-02-05T07:37:44","date_gmt":"2025-02-05T12:37:44","guid":{"rendered":"https:\/\/www.fsjb.org\/web\/?p=2239"},"modified":"2025-02-05T08:47:09","modified_gmt":"2025-02-05T13:47:09","slug":"diagnostico-resolutivo-para-la-atencion-primaria-en-salud","status":"publish","type":"post","link":"https:\/\/www.fsjb.org\/web\/?p=2239","title":{"rendered":"Diagn\u00f3stico Resolutivo APS"},"content":{"rendered":"\n<p class=\"has-text-align-center has-text-color has-link-color has-large-font-size wp-elements-dc548b9414fde6accda0ca3f4a7c0402\" style=\"color:#004f88\"><strong>Evento de Lanzamiento: Unidad M\u00f3vil de Salud &#8220;San Jos\u00e9 en Movimiento&#8221;<\/strong><\/p>\n\n\n\n<div class=\"wp-block-buttons is-content-justification-center is-layout-flex wp-container-core-buttons-is-layout-16018d1d wp-block-buttons-is-layout-flex\">\n<div class=\"wp-block-button has-custom-width wp-block-button__width-75 has-custom-font-size is-style-outline has-medium-font-size is-style-outline--1\" style=\"font-style:normal;font-weight:800;text-decoration:underline\"><a class=\"wp-block-button__link has-background wp-element-button\" href=\"https:\/\/docs.google.com\/forms\/d\/e\/1FAIpQLSfP95g5ZYH-BW1_bV4DtPQgb93zOXxsh_8zPInWLJlhgf6-eg\/viewform?usp=sharing\" style=\"border-radius:100px;background:linear-gradient(135deg,rgb(2,3,129) 0%,rgb(40,116,252) 88%)\">CLICK AQU\u00cd PARA INSCRIBIRTE<\/a><\/div>\n<\/div>\n\n\n\n<p class=\"has-text-align-center has-medium-font-size\">La <strong>Fundaci\u00f3n San Jos\u00e9 de Buga<\/strong> tiene el honor de invitarte al lanzamiento de <strong>&#8220;San Jos\u00e9 en Movimiento&#8221;<\/strong>, una <strong>unidad m\u00f3vil de salud innovadora<\/strong> que transformar\u00e1 el acceso a la salud de miles de colombianos. Este evento marcar\u00e1 un antes y un despu\u00e9s en la atenci\u00f3n m\u00e9dica, llevando servicios de <strong>diagn\u00f3stico resolutivo, salud preventiva y atenci\u00f3n inmediata<\/strong> directamente a los pacientes en comunidades de todo el pa\u00eds.<\/p>\n\n\n\n<p class=\"has-text-align-center has-text-color has-link-color has-large-font-size wp-elements-83ce4520230cab70ab107b72629260b3\" style=\"color:#004f88\"><strong>\u00bfPor qu\u00e9 no puedes faltar?<\/strong><\/p>\n\n\n\n<p class=\"has-text-align-center has-medium-font-size\"><strong>La salud est\u00e1 evolucionando, y t\u00fa tambi\u00e9n debes estar all\u00ed<\/strong> para  ser testigo de esta innovaci\u00f3n, que combina tecnolog\u00eda, profesionalismo e creatividad para realizar <strong>pruebas POCT<\/strong> que permiten obtener resultados al instante. <strong>\u00a1Todo en una sola consulta!<\/strong> Ahora, tus pacientes no tendr\u00e1n que ir de un lugar a otro en busca de respuestas. En el mismo lugar podr\u00e1n obtener diagn\u00f3sticos, soluciones m\u00e9dicas y el inicio de su tratamiento, todo en <strong>un solo lugar y en el mismo momento.<\/strong><\/p>\n\n\n\n<p class=\"has-text-align-center has-medium-font-size\">Este evento est\u00e1 dirigido a <strong>entidades gubernamentales, directores de hospitales, cl\u00ednicas, laboratorios y acad\u00e9micos<\/strong> comprometidos con la mejora continua de la salud  en Colombia. No solo es una oportunidad para conocer esta innovadora soluci\u00f3n, sino tambi\u00e9n para ser parte de nuevos modelos enfocados en la prevenci\u00f3n y en salvar vidas.<\/p>\n\n\n\n<figure class=\"wp-block-image size-large\"><img loading=\"lazy\" decoding=\"async\" width=\"1024\" height=\"1024\" src=\"https:\/\/www.fsjb.org\/web\/wp-content\/uploads\/WhatsApp-Image-2025-02-04-at-11.20.57-AM-1-1024x1024.jpeg\" alt=\"\" class=\"wp-image-2240\" srcset=\"https:\/\/www.fsjb.org\/web\/wp-content\/uploads\/WhatsApp-Image-2025-02-04-at-11.20.57-AM-1-1024x1024.jpeg 1024w, https:\/\/www.fsjb.org\/web\/wp-content\/uploads\/WhatsApp-Image-2025-02-04-at-11.20.57-AM-1-300x300.jpeg 300w, https:\/\/www.fsjb.org\/web\/wp-content\/uploads\/WhatsApp-Image-2025-02-04-at-11.20.57-AM-1-150x150.jpeg 150w, https:\/\/www.fsjb.org\/web\/wp-content\/uploads\/WhatsApp-Image-2025-02-04-at-11.20.57-AM-1-768x768.jpeg 768w, https:\/\/www.fsjb.org\/web\/wp-content\/uploads\/WhatsApp-Image-2025-02-04-at-11.20.57-AM-1-1536x1536.jpeg 1536w, https:\/\/www.fsjb.org\/web\/wp-content\/uploads\/WhatsApp-Image-2025-02-04-at-11.20.57-AM-1-500x500.jpeg 500w, https:\/\/www.fsjb.org\/web\/wp-content\/uploads\/WhatsApp-Image-2025-02-04-at-11.20.57-AM-1.jpeg 1600w\" sizes=\"auto, (max-width: 1024px) 100vw, 1024px\" \/><\/figure>\n\n\n\n<h2 class=\"wp-block-heading\"><\/h2>\n\n\n\n<div class=\"wp-block-buttons is-content-justification-center is-layout-flex wp-container-core-buttons-is-layout-16018d1d wp-block-buttons-is-layout-flex\">\n<div class=\"wp-block-button has-custom-width wp-block-button__width-75 has-custom-font-size is-style-outline has-medium-font-size is-style-outline--2\" style=\"font-style:normal;font-weight:800;text-decoration:underline\"><a class=\"wp-block-button__link has-background wp-element-button\" href=\"https:\/\/docs.google.com\/forms\/d\/e\/1FAIpQLSfP95g5ZYH-BW1_bV4DtPQgb93zOXxsh_8zPInWLJlhgf6-eg\/viewform?usp=sharing\" style=\"border-radius:100px;background:linear-gradient(135deg,rgb(2,3,129) 0%,rgb(40,116,252) 88%)\">RESERVAR CUPO PARA EL EVENTO<\/a><\/div>\n<\/div>\n\n\n\n<p class=\"has-text-align-center has-large-font-size\"><strong>\u00bfQu\u00e9 te ofrecemos?<\/strong><\/p>\n\n\n\n<ul class=\"wp-block-list\">\n<li><strong>Detecci\u00f3n temprana y prevenci\u00f3n<\/strong> de enfermedades cr\u00f3nicas y letales, mejorando la expectativa de vida.<\/li>\n\n\n\n<li><strong>Resultados inmediatos<\/strong> de ex\u00e1menes cl\u00ednicos y pruebas diagn\u00f3sticas.<\/li>\n\n\n\n<li><strong>Reducci\u00f3n de costos<\/strong> en el sistema de salud y para el bolsillo del paciente, al evitar m\u00faltiples consultas y desplazamientos innecesarios.<\/li>\n\n\n\n<li>Un <strong>enfoque integral y resolutivo<\/strong>, brindando soluciones m\u00e9dicas que el paciente puede llevarse a su casa al finalizar la consulta.<\/li>\n<\/ul>\n\n\n\n<div class=\"wp-block-buttons is-content-justification-center is-layout-flex wp-container-core-buttons-is-layout-16018d1d wp-block-buttons-is-layout-flex\">\n<div class=\"wp-block-button has-custom-width wp-block-button__width-75 has-custom-font-size is-style-outline has-medium-font-size is-style-outline--3\" style=\"font-style:normal;font-weight:800;text-decoration:underline\"><a class=\"wp-block-button__link has-background wp-element-button\" href=\"https:\/\/docs.google.com\/forms\/d\/e\/1FAIpQLSfP95g5ZYH-BW1_bV4DtPQgb93zOXxsh_8zPInWLJlhgf6-eg\/viewform?usp=sharing\" style=\"border-radius:100px;background:linear-gradient(135deg,rgb(2,3,129) 0%,rgb(40,116,252) 88%)\">INSCR\u00cdBETE AHORA Y ASEGURA TU CUPO<\/a><\/div>\n<\/div>\n\n\n\n<p class=\"has-text-align-center has-medium-font-size\"><strong>\u00a1Este es el futuro de la salud en Colombia y t\u00fa puedes ser parte de \u00e9l!<\/strong><\/p>\n\n\n\n<h3 class=\"wp-block-heading has-text-align-center\">La entrada es gratuita, pero los cupos son limitados. \u00a1No te quedes por fuera de este evento transformador para la salud de Colombia!<\/h3>\n\n\n\n<p class=\"has-text-align-center has-medium-font-size\"><strong>Fecha:<\/strong> 26 de febrero de 2025<br><strong>Hora:<\/strong> 10:00 a.m.<br><strong>Ubicaci\u00f3n:<\/strong> Fundaci\u00f3n San Jos\u00e9 de Buga &#8211; Auditorio Hern\u00e1n Saavedra Racines<br>Carrera 8 #17-52, Guadalajara de Buga, Valle del Cauca<br><\/p>\n\n\n\n<div class=\"wp-block-buttons is-content-justification-center is-layout-flex wp-container-core-buttons-is-layout-16018d1d wp-block-buttons-is-layout-flex\">\n<div class=\"wp-block-button has-custom-width wp-block-button__width-75 has-custom-font-size is-style-outline has-medium-font-size is-style-outline--4\" style=\"font-style:normal;font-weight:800;text-decoration:underline\"><a class=\"wp-block-button__link has-background wp-element-button\" href=\"https:\/\/docs.google.com\/forms\/d\/e\/1FAIpQLSfP95g5ZYH-BW1_bV4DtPQgb93zOXxsh_8zPInWLJlhgf6-eg\/viewform?usp=sharing\" style=\"border-radius:100px;background:linear-gradient(135deg,rgb(2,3,129) 0%,rgb(40,116,252) 88%)\">INSCRIPCIONES ABIERTAS<\/a><\/div>\n<\/div>\n\n\n\n<p class=\"has-white-color has-white-background-color has-text-color has-background has-link-color wp-elements-f3af10659a18cfd88d4a54e34f264cca\"><\/p>\n ","protected":false},"excerpt":{"rendered":"<p>Evento de Lanzamiento: Unidad M\u00f3vil de Salud &#8220;San Jos\u00e9 en Movimiento&#8221; La Fundaci\u00f3n San Jos\u00e9 de Buga tiene el honor de invitarte al lanzamiento de &#8220;San Jos\u00e9 en Movimiento&#8221;, una unidad m\u00f3vil de salud innovadora que transformar\u00e1 el acceso a la salud de miles de colombianos. Este evento marcar\u00e1 un antes y un despu\u00e9s en [&hellip;]<\/p>\n","protected":false},"author":10,"featured_media":0,"comment_status":"open","ping_status":"open","sticky":false,"template":"","format":"standard","meta":{"_cbd_carousel_blocks":"[]","footnotes":""},"categories":[9],"tags":[],"class_list":["post-2239","post","type-post","status-publish","format-standard","hentry","category-noticias"],"yoast_head":"<!-- This site is optimized with the Yoast SEO plugin v27.5 - https:\/\/yoast.com\/product\/yoast-seo-wordpress\/ -->\n<title>Diagn\u00f3stico Resolutivo APS - Fundaci&oacute;n San Jos&eacute; Buga<\/title>\n<meta name=\"robots\" content=\"index, follow, max-snippet:-1, max-image-preview:large, max-video-preview:-1\" \/>\n<link rel=\"canonical\" href=\"https:\/\/www.fsjb.org\/web\/?p=2239\" \/>\n<meta property=\"og:locale\" content=\"es_ES\" \/>\n<meta property=\"og:type\" content=\"article\" \/>\n<meta property=\"og:title\" content=\"Diagn\u00f3stico Resolutivo APS - Fundaci&oacute;n San Jos&eacute; Buga\" \/>\n<meta property=\"og:description\" content=\"Evento de Lanzamiento: Unidad M\u00f3vil de Salud &#8220;San Jos\u00e9 en Movimiento&#8221; La Fundaci\u00f3n San Jos\u00e9 de Buga tiene el honor de invitarte al lanzamiento de &#8220;San Jos\u00e9 en Movimiento&#8221;, una unidad m\u00f3vil de salud innovadora que transformar\u00e1 el acceso a la salud de miles de colombianos. Este evento marcar\u00e1 un antes y un despu\u00e9s en [&hellip;]\" \/>\n<meta property=\"og:url\" content=\"https:\/\/www.fsjb.org\/web\/?p=2239\" \/>\n<meta property=\"og:site_name\" content=\"Fundaci&oacute;n San Jos&eacute; Buga\" \/>\n<meta property=\"article:publisher\" content=\"https:\/\/www.facebook.com\/fundacionsanjosebuga\/\" \/>\n<meta property=\"article:published_time\" content=\"2025-02-05T12:37:44+00:00\" \/>\n<meta property=\"article:modified_time\" content=\"2025-02-05T13:47:09+00:00\" \/>\n<meta property=\"og:image\" content=\"https:\/\/www.fsjb.org\/web\/wp-content\/uploads\/WhatsApp-Image-2025-02-04-at-11.20.57-AM-1.jpeg\" \/>\n\t<meta property=\"og:image:width\" content=\"1600\" \/>\n\t<meta property=\"og:image:height\" content=\"1600\" \/>\n\t<meta property=\"og:image:type\" content=\"image\/jpeg\" \/>\n<meta name=\"author\" content=\"Comunicaciones FHSJB\" \/>\n<meta name=\"twitter:card\" content=\"summary_large_image\" \/>\n<meta name=\"twitter:label1\" content=\"Escrito por\" \/>\n\t<meta name=\"twitter:data1\" content=\"Comunicaciones FHSJB\" \/>\n\t<meta name=\"twitter:label2\" content=\"Tiempo de lectura\" \/>\n\t<meta name=\"twitter:data2\" content=\"2 minutos\" \/>\n<script type=\"application\/ld+json\" class=\"yoast-schema-graph\">{\"@context\":\"https:\\\/\\\/schema.org\",\"@graph\":[{\"@type\":\"Article\",\"@id\":\"https:\\\/\\\/www.fsjb.org\\\/web\\\/?p=2239#article\",\"isPartOf\":{\"@id\":\"https:\\\/\\\/www.fsjb.org\\\/web\\\/?p=2239\"},\"author\":{\"name\":\"Comunicaciones FHSJB\",\"@id\":\"https:\\\/\\\/www.fsjb.org\\\/web\\\/#\\\/schema\\\/person\\\/11e98cab2a8ec0a5d23ee0f7e0921939\"},\"headline\":\"Diagn\u00f3stico Resolutivo APS\",\"datePublished\":\"2025-02-05T12:37:44+00:00\",\"dateModified\":\"2025-02-05T13:47:09+00:00\",\"mainEntityOfPage\":{\"@id\":\"https:\\\/\\\/www.fsjb.org\\\/web\\\/?p=2239\"},\"wordCount\":396,\"commentCount\":0,\"publisher\":{\"@id\":\"https:\\\/\\\/www.fsjb.org\\\/web\\\/#organization\"},\"image\":{\"@id\":\"https:\\\/\\\/www.fsjb.org\\\/web\\\/?p=2239#primaryimage\"},\"thumbnailUrl\":\"https:\\\/\\\/www.fsjb.org\\\/web\\\/wp-content\\\/uploads\\\/WhatsApp-Image-2025-02-04-at-11.20.57-AM-1-1024x1024.jpeg\",\"articleSection\":[\"Noticias\"],\"inLanguage\":\"es\",\"potentialAction\":[{\"@type\":\"CommentAction\",\"name\":\"Comment\",\"target\":[\"https:\\\/\\\/www.fsjb.org\\\/web\\\/?p=2239#respond\"]}]},{\"@type\":\"WebPage\",\"@id\":\"https:\\\/\\\/www.fsjb.org\\\/web\\\/?p=2239\",\"url\":\"https:\\\/\\\/www.fsjb.org\\\/web\\\/?p=2239\",\"name\":\"Diagn\u00f3stico Resolutivo APS - Fundaci&oacute;n San Jos&eacute; Buga\",\"isPartOf\":{\"@id\":\"https:\\\/\\\/www.fsjb.org\\\/web\\\/#website\"},\"primaryImageOfPage\":{\"@id\":\"https:\\\/\\\/www.fsjb.org\\\/web\\\/?p=2239#primaryimage\"},\"image\":{\"@id\":\"https:\\\/\\\/www.fsjb.org\\\/web\\\/?p=2239#primaryimage\"},\"thumbnailUrl\":\"https:\\\/\\\/www.fsjb.org\\\/web\\\/wp-content\\\/uploads\\\/WhatsApp-Image-2025-02-04-at-11.20.57-AM-1-1024x1024.jpeg\",\"datePublished\":\"2025-02-05T12:37:44+00:00\",\"dateModified\":\"2025-02-05T13:47:09+00:00\",\"breadcrumb\":{\"@id\":\"https:\\\/\\\/www.fsjb.org\\\/web\\\/?p=2239#breadcrumb\"},\"inLanguage\":\"es\",\"potentialAction\":[{\"@type\":\"ReadAction\",\"target\":[\"https:\\\/\\\/www.fsjb.org\\\/web\\\/?p=2239\"]}]},{\"@type\":\"ImageObject\",\"inLanguage\":\"es\",\"@id\":\"https:\\\/\\\/www.fsjb.org\\\/web\\\/?p=2239#primaryimage\",\"url\":\"https:\\\/\\\/www.fsjb.org\\\/web\\\/wp-content\\\/uploads\\\/WhatsApp-Image-2025-02-04-at-11.20.57-AM-1.jpeg\",\"contentUrl\":\"https:\\\/\\\/www.fsjb.org\\\/web\\\/wp-content\\\/uploads\\\/WhatsApp-Image-2025-02-04-at-11.20.57-AM-1.jpeg\",\"width\":1600,\"height\":1600},{\"@type\":\"BreadcrumbList\",\"@id\":\"https:\\\/\\\/www.fsjb.org\\\/web\\\/?p=2239#breadcrumb\",\"itemListElement\":[{\"@type\":\"ListItem\",\"position\":1,\"name\":\"Portada\",\"item\":\"https:\\\/\\\/www.fsjb.org\\\/web\\\/\"},{\"@type\":\"ListItem\",\"position\":2,\"name\":\"Diagn\u00f3stico Resolutivo APS\"}]},{\"@type\":\"WebSite\",\"@id\":\"https:\\\/\\\/www.fsjb.org\\\/web\\\/#website\",\"url\":\"https:\\\/\\\/www.fsjb.org\\\/web\\\/\",\"name\":\"Fundaci\u00f3n San Jos\u00e9 Buga\",\"description\":\"Pagina web\",\"publisher\":{\"@id\":\"https:\\\/\\\/www.fsjb.org\\\/web\\\/#organization\"},\"potentialAction\":[{\"@type\":\"SearchAction\",\"target\":{\"@type\":\"EntryPoint\",\"urlTemplate\":\"https:\\\/\\\/www.fsjb.org\\\/web\\\/?s={search_term_string}\"},\"query-input\":{\"@type\":\"PropertyValueSpecification\",\"valueRequired\":true,\"valueName\":\"search_term_string\"}}],\"inLanguage\":\"es\"},{\"@type\":\"Organization\",\"@id\":\"https:\\\/\\\/www.fsjb.org\\\/web\\\/#organization\",\"name\":\"Fundaci\u00f3n San Jos\u00e9 Buga\",\"url\":\"https:\\\/\\\/www.fsjb.org\\\/web\\\/\",\"logo\":{\"@type\":\"ImageObject\",\"inLanguage\":\"es\",\"@id\":\"https:\\\/\\\/www.fsjb.org\\\/web\\\/#\\\/schema\\\/logo\\\/image\\\/\",\"url\":\"https:\\\/\\\/www.fsjb.org\\\/web\\\/wp-content\\\/uploads\\\/logo-n.png\",\"contentUrl\":\"https:\\\/\\\/www.fsjb.org\\\/web\\\/wp-content\\\/uploads\\\/logo-n.png\",\"width\":208,\"height\":166,\"caption\":\"Fundaci\u00f3n San Jos\u00e9 Buga\"},\"image\":{\"@id\":\"https:\\\/\\\/www.fsjb.org\\\/web\\\/#\\\/schema\\\/logo\\\/image\\\/\"},\"sameAs\":[\"https:\\\/\\\/www.facebook.com\\\/fundacionsanjosebuga\\\/\",\"https:\\\/\\\/co.linkedin.com\\\/company\\\/fsjb\"]},{\"@type\":\"Person\",\"@id\":\"https:\\\/\\\/www.fsjb.org\\\/web\\\/#\\\/schema\\\/person\\\/11e98cab2a8ec0a5d23ee0f7e0921939\",\"name\":\"Comunicaciones FHSJB\",\"image\":{\"@type\":\"ImageObject\",\"inLanguage\":\"es\",\"@id\":\"https:\\\/\\\/secure.gravatar.com\\\/avatar\\\/8a36dfda615c596b2494c6e23b6eaad0d1c6002142e996d48086525fbb0d3637?s=96&d=identicon&r=g\",\"url\":\"https:\\\/\\\/secure.gravatar.com\\\/avatar\\\/8a36dfda615c596b2494c6e23b6eaad0d1c6002142e996d48086525fbb0d3637?s=96&d=identicon&r=g\",\"contentUrl\":\"https:\\\/\\\/secure.gravatar.com\\\/avatar\\\/8a36dfda615c596b2494c6e23b6eaad0d1c6002142e996d48086525fbb0d3637?s=96&d=identicon&r=g\",\"caption\":\"Comunicaciones FHSJB\"},\"url\":\"https:\\\/\\\/www.fsjb.org\\\/web\\\/?author=10\"}]}<\/script>\n<!-- \/ Yoast SEO plugin. -->","yoast_head_json":{"title":"Diagn\u00f3stico Resolutivo APS - Fundaci&oacute;n San Jos&eacute; Buga","robots":{"index":"index","follow":"follow","max-snippet":"max-snippet:-1","max-image-preview":"max-image-preview:large","max-video-preview":"max-video-preview:-1"},"canonical":"https:\/\/www.fsjb.org\/web\/?p=2239","og_locale":"es_ES","og_type":"article","og_title":"Diagn\u00f3stico Resolutivo APS - Fundaci&oacute;n San Jos&eacute; Buga","og_description":"Evento de Lanzamiento: Unidad M\u00f3vil de Salud &#8220;San Jos\u00e9 en Movimiento&#8221; La Fundaci\u00f3n San Jos\u00e9 de Buga tiene el honor de invitarte al lanzamiento de &#8220;San Jos\u00e9 en Movimiento&#8221;, una unidad m\u00f3vil de salud innovadora que transformar\u00e1 el acceso a la salud de miles de colombianos. Este evento marcar\u00e1 un antes y un despu\u00e9s en [&hellip;]","og_url":"https:\/\/www.fsjb.org\/web\/?p=2239","og_site_name":"Fundaci&oacute;n San Jos&eacute; Buga","article_publisher":"https:\/\/www.facebook.com\/fundacionsanjosebuga\/","article_published_time":"2025-02-05T12:37:44+00:00","article_modified_time":"2025-02-05T13:47:09+00:00","og_image":[{"width":1600,"height":1600,"url":"https:\/\/www.fsjb.org\/web\/wp-content\/uploads\/WhatsApp-Image-2025-02-04-at-11.20.57-AM-1.jpeg","type":"image\/jpeg"}],"author":"Comunicaciones FHSJB","twitter_card":"summary_large_image","twitter_misc":{"Escrito por":"Comunicaciones FHSJB","Tiempo de lectura":"2 minutos"},"schema":{"@context":"https:\/\/schema.org","@graph":[{"@type":"Article","@id":"https:\/\/www.fsjb.org\/web\/?p=2239#article","isPartOf":{"@id":"https:\/\/www.fsjb.org\/web\/?p=2239"},"author":{"name":"Comunicaciones FHSJB","@id":"https:\/\/www.fsjb.org\/web\/#\/schema\/person\/11e98cab2a8ec0a5d23ee0f7e0921939"},"headline":"Diagn\u00f3stico Resolutivo APS","datePublished":"2025-02-05T12:37:44+00:00","dateModified":"2025-02-05T13:47:09+00:00","mainEntityOfPage":{"@id":"https:\/\/www.fsjb.org\/web\/?p=2239"},"wordCount":396,"commentCount":0,"publisher":{"@id":"https:\/\/www.fsjb.org\/web\/#organization"},"image":{"@id":"https:\/\/www.fsjb.org\/web\/?p=2239#primaryimage"},"thumbnailUrl":"https:\/\/www.fsjb.org\/web\/wp-content\/uploads\/WhatsApp-Image-2025-02-04-at-11.20.57-AM-1-1024x1024.jpeg","articleSection":["Noticias"],"inLanguage":"es","potentialAction":[{"@type":"CommentAction","name":"Comment","target":["https:\/\/www.fsjb.org\/web\/?p=2239#respond"]}]},{"@type":"WebPage","@id":"https:\/\/www.fsjb.org\/web\/?p=2239","url":"https:\/\/www.fsjb.org\/web\/?p=2239","name":"Diagn\u00f3stico Resolutivo APS - Fundaci&oacute;n San Jos&eacute; Buga","isPartOf":{"@id":"https:\/\/www.fsjb.org\/web\/#website"},"primaryImageOfPage":{"@id":"https:\/\/www.fsjb.org\/web\/?p=2239#primaryimage"},"image":{"@id":"https:\/\/www.fsjb.org\/web\/?p=2239#primaryimage"},"thumbnailUrl":"https:\/\/www.fsjb.org\/web\/wp-content\/uploads\/WhatsApp-Image-2025-02-04-at-11.20.57-AM-1-1024x1024.jpeg","datePublished":"2025-02-05T12:37:44+00:00","dateModified":"2025-02-05T13:47:09+00:00","breadcrumb":{"@id":"https:\/\/www.fsjb.org\/web\/?p=2239#breadcrumb"},"inLanguage":"es","potentialAction":[{"@type":"ReadAction","target":["https:\/\/www.fsjb.org\/web\/?p=2239"]}]},{"@type":"ImageObject","inLanguage":"es","@id":"https:\/\/www.fsjb.org\/web\/?p=2239#primaryimage","url":"https:\/\/www.fsjb.org\/web\/wp-content\/uploads\/WhatsApp-Image-2025-02-04-at-11.20.57-AM-1.jpeg","contentUrl":"https:\/\/www.fsjb.org\/web\/wp-content\/uploads\/WhatsApp-Image-2025-02-04-at-11.20.57-AM-1.jpeg","width":1600,"height":1600},{"@type":"BreadcrumbList","@id":"https:\/\/www.fsjb.org\/web\/?p=2239#breadcrumb","itemListElement":[{"@type":"ListItem","position":1,"name":"Portada","item":"https:\/\/www.fsjb.org\/web\/"},{"@type":"ListItem","position":2,"name":"Diagn\u00f3stico Resolutivo APS"}]},{"@type":"WebSite","@id":"https:\/\/www.fsjb.org\/web\/#website","url":"https:\/\/www.fsjb.org\/web\/","name":"Fundaci\u00f3n San Jos\u00e9 Buga","description":"Pagina web","publisher":{"@id":"https:\/\/www.fsjb.org\/web\/#organization"},"potentialAction":[{"@type":"SearchAction","target":{"@type":"EntryPoint","urlTemplate":"https:\/\/www.fsjb.org\/web\/?s={search_term_string}"},"query-input":{"@type":"PropertyValueSpecification","valueRequired":true,"valueName":"search_term_string"}}],"inLanguage":"es"},{"@type":"Organization","@id":"https:\/\/www.fsjb.org\/web\/#organization","name":"Fundaci\u00f3n San Jos\u00e9 Buga","url":"https:\/\/www.fsjb.org\/web\/","logo":{"@type":"ImageObject","inLanguage":"es","@id":"https:\/\/www.fsjb.org\/web\/#\/schema\/logo\/image\/","url":"https:\/\/www.fsjb.org\/web\/wp-content\/uploads\/logo-n.png","contentUrl":"https:\/\/www.fsjb.org\/web\/wp-content\/uploads\/logo-n.png","width":208,"height":166,"caption":"Fundaci\u00f3n San Jos\u00e9 Buga"},"image":{"@id":"https:\/\/www.fsjb.org\/web\/#\/schema\/logo\/image\/"},"sameAs":["https:\/\/www.facebook.com\/fundacionsanjosebuga\/","https:\/\/co.linkedin.com\/company\/fsjb"]},{"@type":"Person","@id":"https:\/\/www.fsjb.org\/web\/#\/schema\/person\/11e98cab2a8ec0a5d23ee0f7e0921939","name":"Comunicaciones FHSJB","image":{"@type":"ImageObject","inLanguage":"es","@id":"https:\/\/secure.gravatar.com\/avatar\/8a36dfda615c596b2494c6e23b6eaad0d1c6002142e996d48086525fbb0d3637?s=96&d=identicon&r=g","url":"https:\/\/secure.gravatar.com\/avatar\/8a36dfda615c596b2494c6e23b6eaad0d1c6002142e996d48086525fbb0d3637?s=96&d=identicon&r=g","contentUrl":"https:\/\/secure.gravatar.com\/avatar\/8a36dfda615c596b2494c6e23b6eaad0d1c6002142e996d48086525fbb0d3637?s=96&d=identicon&r=g","caption":"Comunicaciones FHSJB"},"url":"https:\/\/www.fsjb.org\/web\/?author=10"}]}},"_links":{"self":[{"href":"https:\/\/www.fsjb.org\/web\/index.php?rest_route=\/wp\/v2\/posts\/2239","targetHints":{"allow":["GET"]}}],"collection":[{"href":"https:\/\/www.fsjb.org\/web\/index.php?rest_route=\/wp\/v2\/posts"}],"about":[{"href":"https:\/\/www.fsjb.org\/web\/index.php?rest_route=\/wp\/v2\/types\/post"}],"author":[{"embeddable":true,"href":"https:\/\/www.fsjb.org\/web\/index.php?rest_route=\/wp\/v2\/users\/10"}],"replies":[{"embeddable":true,"href":"https:\/\/www.fsjb.org\/web\/index.php?rest_route=%2Fwp%2Fv2%2Fcomments&post=2239"}],"version-history":[{"count":0,"href":"https:\/\/www.fsjb.org\/web\/index.php?rest_route=\/wp\/v2\/posts\/2239\/revisions"}],"wp:attachment":[{"href":"https:\/\/www.fsjb.org\/web\/index.php?rest_route=%2Fwp%2Fv2%2Fmedia&parent=2239"}],"wp:term":[{"taxonomy":"category","embeddable":true,"href":"https:\/\/www.fsjb.org\/web\/index.php?rest_route=%2Fwp%2Fv2%2Fcategories&post=2239"},{"taxonomy":"post_tag","embeddable":true,"href":"https:\/\/www.fsjb.org\/web\/index.php?rest_route=%2Fwp%2Fv2%2Ftags&post=2239"}],"curies":[{"name":"wp","href":"https:\/\/api.w.org\/{rel}","templated":true}]}}