{"id":2205,"date":"2024-10-18T14:59:08","date_gmt":"2024-10-18T19:59:08","guid":{"rendered":"https:\/\/www.fhsjb.org\/web\/?p=2205"},"modified":"2024-10-18T15:45:03","modified_gmt":"2024-10-18T20:45:03","slug":"boletin-dia-mundial-del-lavado-de-manos","status":"publish","type":"post","link":"https:\/\/www.fsjb.org\/web\/?p=2205","title":{"rendered":"Bolet\u00edn D\u00eda Mundial del Lavado De Manos"},"content":{"rendered":"\n<p>El pasado 16 de octubre, en conmemoraci\u00f3n del <strong>D\u00eda Mundial del Lavado de Manos<\/strong>, la Fundaci\u00f3n San Jos\u00e9 de Buga llev\u00f3 a cabo una <strong>jornada de concientizaci\u00f3n<\/strong> en todas nuestras \u00e1reas. El objetivo fue reforzar la importancia de una correcta higiene de manos, no solo como medida preventiva clave para la salud, sino como un compromiso constante para garantizar la seguridad y el bienestar de nuestros pacientes, colaboradores y visitantes.<\/p>\n\n\n\n<p>Durante la jornada, el <strong>equipo de Vigilancia Epidemiol\u00f3gica y Control de Infecciones<\/strong> realiz\u00f3 un recorrido por los <strong>servicios asistenciales<\/strong> de la Fundaci\u00f3n, con el objetivo de fortalecer la <strong>estrategia multimodal de higiene de manos<\/strong>. Este enfoque se centr\u00f3 en los <strong>5 momentos clave<\/strong> recomendados por la OMS, que incluyen:<\/p>\n\n\n\n<ol start=\"1\" class=\"wp-block-list\">\n<li>Antes de tocar al paciente.<\/li>\n\n\n\n<li>Antes de realizar una tarea limpia o as\u00e9ptica.<\/li>\n\n\n\n<li>Despu\u00e9s del riesgo de exposici\u00f3n a l\u00edquidos corporales.<\/li>\n\n\n\n<li>Despu\u00e9s de tocar al paciente.<\/li>\n\n\n\n<li>Despu\u00e9s del contacto con el entorno del paciente.<\/li>\n<\/ol>\n\n\n\n<p>Adicionalmente, se reforz\u00f3 la importancia de la t\u00e9cnica correcta de lavado de manos, asegurando que todos nuestros colaboradores sigan las pautas necesarias para reducir el riesgo de infecciones.<\/p>\n\n\n\n<p>Continuando con nuestro compromiso institucional de prevenir las infecciones asociadas a la atenci\u00f3n en salud, el mismo 16 de octubre se llev\u00f3 a cabo en el <strong>Auditorio Hern\u00e1n Saavedra Racines<\/strong> una sesi\u00f3n de <strong>educaci\u00f3n m\u00e9dica continuada<\/strong> de manera h\u00edbrida, titulada <strong>\u201cCreando Conciencia\u201d<\/strong>. Esta actividad busc\u00f3 sensibilizar al personal asistente sobre la importancia de esta <\/p>\n\n\n\n<figure class=\"wp-block-image size-large\"><img loading=\"lazy\" decoding=\"async\" width=\"1024\" height=\"768\" src=\"https:\/\/www.fhsjb.org\/web\/wp-content\/uploads\/001-1-1024x768.jpeg\" alt=\"\" class=\"wp-image-2207\" srcset=\"https:\/\/www.fsjb.org\/web\/wp-content\/uploads\/001-1-1024x768.jpeg 1024w, https:\/\/www.fsjb.org\/web\/wp-content\/uploads\/001-1-300x225.jpeg 300w, https:\/\/www.fsjb.org\/web\/wp-content\/uploads\/001-1-768x576.jpeg 768w, https:\/\/www.fsjb.org\/web\/wp-content\/uploads\/001-1.jpeg 1280w\" sizes=\"auto, (max-width: 1024px) 100vw, 1024px\" \/><\/figure>\n\n\n\n<p>Las actividades incluyeron <strong>sesiones din\u00e1micas e interactivas<\/strong> en las que se explic\u00f3 detalladamente el correcto protocolo de lavado de manos, resaltando el impacto de esta pr\u00e1ctica en la prevenci\u00f3n de infecciones y enfermedades. Todos los colaboradores participaron activamente, recibiendo informaci\u00f3n actualizada y \u00fatil sobre este proceso fundamental.<\/p>\n\n\n\n<p>La <strong>concientizaci\u00f3n y capacitaci\u00f3n del personal<\/strong> es una prioridad para nosotros, y nos enorgullece que, a trav\u00e9s de estas acciones, podamos ofrecer un entorno m\u00e1s seguro y confiable para nuestros usuarios. El lavado de manos es una de las pr\u00e1cticas m\u00e1s sencillas y efectivas para prevenir la transmisi\u00f3n de infecciones, y en la Fundaci\u00f3n San Jos\u00e9, estamos comprometidos con su correcta implementaci\u00f3n diaria.<\/p>\n ","protected":false},"excerpt":{"rendered":"<p>El pasado 16 de octubre, en conmemoraci\u00f3n del D\u00eda Mundial del Lavado de Manos, la Fundaci\u00f3n San Jos\u00e9 de Buga llev\u00f3 a cabo una jornada de concientizaci\u00f3n en todas nuestras \u00e1reas. El objetivo fue reforzar la importancia de una correcta higiene de manos, no solo como medida preventiva clave para la salud, sino como un [&hellip;]<\/p>\n","protected":false},"author":10,"featured_media":2206,"comment_status":"open","ping_status":"open","sticky":false,"template":"","format":"standard","meta":{"_cbd_carousel_blocks":"[]","footnotes":""},"categories":[9],"tags":[],"class_list":["post-2205","post","type-post","status-publish","format-standard","has-post-thumbnail","hentry","category-noticias"],"yoast_head":"<!-- This site is optimized with the Yoast SEO plugin v27.5 - https:\/\/yoast.com\/product\/yoast-seo-wordpress\/ -->\n<title>Bolet\u00edn D\u00eda Mundial del Lavado De Manos - Fundaci&oacute;n San Jos&eacute; Buga<\/title>\n<meta name=\"robots\" content=\"index, follow, max-snippet:-1, max-image-preview:large, max-video-preview:-1\" \/>\n<link rel=\"canonical\" href=\"https:\/\/www.fsjb.org\/web\/?p=2205\" \/>\n<meta property=\"og:locale\" content=\"es_ES\" \/>\n<meta property=\"og:type\" content=\"article\" \/>\n<meta property=\"og:title\" content=\"Bolet\u00edn D\u00eda Mundial del Lavado De Manos - Fundaci&oacute;n San Jos&eacute; Buga\" \/>\n<meta property=\"og:description\" content=\"El pasado 16 de octubre, en conmemoraci\u00f3n del D\u00eda Mundial del Lavado de Manos, la Fundaci\u00f3n San Jos\u00e9 de Buga llev\u00f3 a cabo una jornada de concientizaci\u00f3n en todas nuestras \u00e1reas. El objetivo fue reforzar la importancia de una correcta higiene de manos, no solo como medida preventiva clave para la salud, sino como un [&hellip;]\" \/>\n<meta property=\"og:url\" content=\"https:\/\/www.fsjb.org\/web\/?p=2205\" \/>\n<meta property=\"og:site_name\" content=\"Fundaci&oacute;n San Jos&eacute; Buga\" \/>\n<meta property=\"article:publisher\" content=\"https:\/\/www.facebook.com\/fundacionsanjosebuga\/\" \/>\n<meta property=\"article:published_time\" content=\"2024-10-18T19:59:08+00:00\" \/>\n<meta property=\"article:modified_time\" content=\"2024-10-18T20:45:03+00:00\" \/>\n<meta property=\"og:image\" content=\"https:\/\/www.fsjb.org\/web\/wp-content\/uploads\/001-scaled.jpeg\" \/>\n\t<meta property=\"og:image:width\" content=\"2560\" \/>\n\t<meta property=\"og:image:height\" content=\"1934\" \/>\n\t<meta property=\"og:image:type\" content=\"image\/jpeg\" \/>\n<meta name=\"author\" content=\"Comunicaciones FHSJB\" \/>\n<meta name=\"twitter:card\" content=\"summary_large_image\" \/>\n<meta name=\"twitter:label1\" content=\"Escrito por\" \/>\n\t<meta name=\"twitter:data1\" content=\"Comunicaciones FHSJB\" \/>\n\t<meta name=\"twitter:label2\" content=\"Tiempo de lectura\" \/>\n\t<meta name=\"twitter:data2\" content=\"2 minutos\" \/>\n<script type=\"application\/ld+json\" class=\"yoast-schema-graph\">{\"@context\":\"https:\\\/\\\/schema.org\",\"@graph\":[{\"@type\":\"Article\",\"@id\":\"https:\\\/\\\/www.fsjb.org\\\/web\\\/?p=2205#article\",\"isPartOf\":{\"@id\":\"https:\\\/\\\/www.fsjb.org\\\/web\\\/?p=2205\"},\"author\":{\"name\":\"Comunicaciones FHSJB\",\"@id\":\"https:\\\/\\\/www.fsjb.org\\\/web\\\/#\\\/schema\\\/person\\\/11e98cab2a8ec0a5d23ee0f7e0921939\"},\"headline\":\"Bolet\u00edn D\u00eda Mundial del Lavado De Manos\",\"datePublished\":\"2024-10-18T19:59:08+00:00\",\"dateModified\":\"2024-10-18T20:45:03+00:00\",\"mainEntityOfPage\":{\"@id\":\"https:\\\/\\\/www.fsjb.org\\\/web\\\/?p=2205\"},\"wordCount\":383,\"commentCount\":0,\"publisher\":{\"@id\":\"https:\\\/\\\/www.fsjb.org\\\/web\\\/#organization\"},\"image\":{\"@id\":\"https:\\\/\\\/www.fsjb.org\\\/web\\\/?p=2205#primaryimage\"},\"thumbnailUrl\":\"https:\\\/\\\/www.fsjb.org\\\/web\\\/wp-content\\\/uploads\\\/001-scaled.jpeg\",\"articleSection\":[\"Noticias\"],\"inLanguage\":\"es\",\"potentialAction\":[{\"@type\":\"CommentAction\",\"name\":\"Comment\",\"target\":[\"https:\\\/\\\/www.fsjb.org\\\/web\\\/?p=2205#respond\"]}]},{\"@type\":\"WebPage\",\"@id\":\"https:\\\/\\\/www.fsjb.org\\\/web\\\/?p=2205\",\"url\":\"https:\\\/\\\/www.fsjb.org\\\/web\\\/?p=2205\",\"name\":\"Bolet\u00edn D\u00eda Mundial del Lavado De Manos - Fundaci&oacute;n San Jos&eacute; Buga\",\"isPartOf\":{\"@id\":\"https:\\\/\\\/www.fsjb.org\\\/web\\\/#website\"},\"primaryImageOfPage\":{\"@id\":\"https:\\\/\\\/www.fsjb.org\\\/web\\\/?p=2205#primaryimage\"},\"image\":{\"@id\":\"https:\\\/\\\/www.fsjb.org\\\/web\\\/?p=2205#primaryimage\"},\"thumbnailUrl\":\"https:\\\/\\\/www.fsjb.org\\\/web\\\/wp-content\\\/uploads\\\/001-scaled.jpeg\",\"datePublished\":\"2024-10-18T19:59:08+00:00\",\"dateModified\":\"2024-10-18T20:45:03+00:00\",\"breadcrumb\":{\"@id\":\"https:\\\/\\\/www.fsjb.org\\\/web\\\/?p=2205#breadcrumb\"},\"inLanguage\":\"es\",\"potentialAction\":[{\"@type\":\"ReadAction\",\"target\":[\"https:\\\/\\\/www.fsjb.org\\\/web\\\/?p=2205\"]}]},{\"@type\":\"ImageObject\",\"inLanguage\":\"es\",\"@id\":\"https:\\\/\\\/www.fsjb.org\\\/web\\\/?p=2205#primaryimage\",\"url\":\"https:\\\/\\\/www.fsjb.org\\\/web\\\/wp-content\\\/uploads\\\/001-scaled.jpeg\",\"contentUrl\":\"https:\\\/\\\/www.fsjb.org\\\/web\\\/wp-content\\\/uploads\\\/001-scaled.jpeg\",\"width\":2560,\"height\":1934},{\"@type\":\"BreadcrumbList\",\"@id\":\"https:\\\/\\\/www.fsjb.org\\\/web\\\/?p=2205#breadcrumb\",\"itemListElement\":[{\"@type\":\"ListItem\",\"position\":1,\"name\":\"Portada\",\"item\":\"https:\\\/\\\/www.fsjb.org\\\/web\\\/\"},{\"@type\":\"ListItem\",\"position\":2,\"name\":\"Bolet\u00edn D\u00eda Mundial del Lavado De Manos\"}]},{\"@type\":\"WebSite\",\"@id\":\"https:\\\/\\\/www.fsjb.org\\\/web\\\/#website\",\"url\":\"https:\\\/\\\/www.fsjb.org\\\/web\\\/\",\"name\":\"Fundaci\u00f3n San Jos\u00e9 Buga\",\"description\":\"Pagina web\",\"publisher\":{\"@id\":\"https:\\\/\\\/www.fsjb.org\\\/web\\\/#organization\"},\"potentialAction\":[{\"@type\":\"SearchAction\",\"target\":{\"@type\":\"EntryPoint\",\"urlTemplate\":\"https:\\\/\\\/www.fsjb.org\\\/web\\\/?s={search_term_string}\"},\"query-input\":{\"@type\":\"PropertyValueSpecification\",\"valueRequired\":true,\"valueName\":\"search_term_string\"}}],\"inLanguage\":\"es\"},{\"@type\":\"Organization\",\"@id\":\"https:\\\/\\\/www.fsjb.org\\\/web\\\/#organization\",\"name\":\"Fundaci\u00f3n San Jos\u00e9 Buga\",\"url\":\"https:\\\/\\\/www.fsjb.org\\\/web\\\/\",\"logo\":{\"@type\":\"ImageObject\",\"inLanguage\":\"es\",\"@id\":\"https:\\\/\\\/www.fsjb.org\\\/web\\\/#\\\/schema\\\/logo\\\/image\\\/\",\"url\":\"https:\\\/\\\/www.fsjb.org\\\/web\\\/wp-content\\\/uploads\\\/logo-n.png\",\"contentUrl\":\"https:\\\/\\\/www.fsjb.org\\\/web\\\/wp-content\\\/uploads\\\/logo-n.png\",\"width\":208,\"height\":166,\"caption\":\"Fundaci\u00f3n San Jos\u00e9 Buga\"},\"image\":{\"@id\":\"https:\\\/\\\/www.fsjb.org\\\/web\\\/#\\\/schema\\\/logo\\\/image\\\/\"},\"sameAs\":[\"https:\\\/\\\/www.facebook.com\\\/fundacionsanjosebuga\\\/\",\"https:\\\/\\\/co.linkedin.com\\\/company\\\/fsjb\"]},{\"@type\":\"Person\",\"@id\":\"https:\\\/\\\/www.fsjb.org\\\/web\\\/#\\\/schema\\\/person\\\/11e98cab2a8ec0a5d23ee0f7e0921939\",\"name\":\"Comunicaciones FHSJB\",\"image\":{\"@type\":\"ImageObject\",\"inLanguage\":\"es\",\"@id\":\"https:\\\/\\\/secure.gravatar.com\\\/avatar\\\/8a36dfda615c596b2494c6e23b6eaad0d1c6002142e996d48086525fbb0d3637?s=96&d=identicon&r=g\",\"url\":\"https:\\\/\\\/secure.gravatar.com\\\/avatar\\\/8a36dfda615c596b2494c6e23b6eaad0d1c6002142e996d48086525fbb0d3637?s=96&d=identicon&r=g\",\"contentUrl\":\"https:\\\/\\\/secure.gravatar.com\\\/avatar\\\/8a36dfda615c596b2494c6e23b6eaad0d1c6002142e996d48086525fbb0d3637?s=96&d=identicon&r=g\",\"caption\":\"Comunicaciones FHSJB\"},\"url\":\"https:\\\/\\\/www.fsjb.org\\\/web\\\/?author=10\"}]}<\/script>\n<!-- \/ Yoast SEO plugin. -->","yoast_head_json":{"title":"Bolet\u00edn D\u00eda Mundial del Lavado De Manos - Fundaci&oacute;n San Jos&eacute; Buga","robots":{"index":"index","follow":"follow","max-snippet":"max-snippet:-1","max-image-preview":"max-image-preview:large","max-video-preview":"max-video-preview:-1"},"canonical":"https:\/\/www.fsjb.org\/web\/?p=2205","og_locale":"es_ES","og_type":"article","og_title":"Bolet\u00edn D\u00eda Mundial del Lavado De Manos - Fundaci&oacute;n San Jos&eacute; Buga","og_description":"El pasado 16 de octubre, en conmemoraci\u00f3n del D\u00eda Mundial del Lavado de Manos, la Fundaci\u00f3n San Jos\u00e9 de Buga llev\u00f3 a cabo una jornada de concientizaci\u00f3n en todas nuestras \u00e1reas. El objetivo fue reforzar la importancia de una correcta higiene de manos, no solo como medida preventiva clave para la salud, sino como un [&hellip;]","og_url":"https:\/\/www.fsjb.org\/web\/?p=2205","og_site_name":"Fundaci&oacute;n San Jos&eacute; Buga","article_publisher":"https:\/\/www.facebook.com\/fundacionsanjosebuga\/","article_published_time":"2024-10-18T19:59:08+00:00","article_modified_time":"2024-10-18T20:45:03+00:00","og_image":[{"width":2560,"height":1934,"url":"https:\/\/www.fsjb.org\/web\/wp-content\/uploads\/001-scaled.jpeg","type":"image\/jpeg"}],"author":"Comunicaciones FHSJB","twitter_card":"summary_large_image","twitter_misc":{"Escrito por":"Comunicaciones FHSJB","Tiempo de lectura":"2 minutos"},"schema":{"@context":"https:\/\/schema.org","@graph":[{"@type":"Article","@id":"https:\/\/www.fsjb.org\/web\/?p=2205#article","isPartOf":{"@id":"https:\/\/www.fsjb.org\/web\/?p=2205"},"author":{"name":"Comunicaciones FHSJB","@id":"https:\/\/www.fsjb.org\/web\/#\/schema\/person\/11e98cab2a8ec0a5d23ee0f7e0921939"},"headline":"Bolet\u00edn D\u00eda Mundial del Lavado De Manos","datePublished":"2024-10-18T19:59:08+00:00","dateModified":"2024-10-18T20:45:03+00:00","mainEntityOfPage":{"@id":"https:\/\/www.fsjb.org\/web\/?p=2205"},"wordCount":383,"commentCount":0,"publisher":{"@id":"https:\/\/www.fsjb.org\/web\/#organization"},"image":{"@id":"https:\/\/www.fsjb.org\/web\/?p=2205#primaryimage"},"thumbnailUrl":"https:\/\/www.fsjb.org\/web\/wp-content\/uploads\/001-scaled.jpeg","articleSection":["Noticias"],"inLanguage":"es","potentialAction":[{"@type":"CommentAction","name":"Comment","target":["https:\/\/www.fsjb.org\/web\/?p=2205#respond"]}]},{"@type":"WebPage","@id":"https:\/\/www.fsjb.org\/web\/?p=2205","url":"https:\/\/www.fsjb.org\/web\/?p=2205","name":"Bolet\u00edn D\u00eda Mundial del Lavado De Manos - Fundaci&oacute;n San Jos&eacute; Buga","isPartOf":{"@id":"https:\/\/www.fsjb.org\/web\/#website"},"primaryImageOfPage":{"@id":"https:\/\/www.fsjb.org\/web\/?p=2205#primaryimage"},"image":{"@id":"https:\/\/www.fsjb.org\/web\/?p=2205#primaryimage"},"thumbnailUrl":"https:\/\/www.fsjb.org\/web\/wp-content\/uploads\/001-scaled.jpeg","datePublished":"2024-10-18T19:59:08+00:00","dateModified":"2024-10-18T20:45:03+00:00","breadcrumb":{"@id":"https:\/\/www.fsjb.org\/web\/?p=2205#breadcrumb"},"inLanguage":"es","potentialAction":[{"@type":"ReadAction","target":["https:\/\/www.fsjb.org\/web\/?p=2205"]}]},{"@type":"ImageObject","inLanguage":"es","@id":"https:\/\/www.fsjb.org\/web\/?p=2205#primaryimage","url":"https:\/\/www.fsjb.org\/web\/wp-content\/uploads\/001-scaled.jpeg","contentUrl":"https:\/\/www.fsjb.org\/web\/wp-content\/uploads\/001-scaled.jpeg","width":2560,"height":1934},{"@type":"BreadcrumbList","@id":"https:\/\/www.fsjb.org\/web\/?p=2205#breadcrumb","itemListElement":[{"@type":"ListItem","position":1,"name":"Portada","item":"https:\/\/www.fsjb.org\/web\/"},{"@type":"ListItem","position":2,"name":"Bolet\u00edn D\u00eda Mundial del Lavado De Manos"}]},{"@type":"WebSite","@id":"https:\/\/www.fsjb.org\/web\/#website","url":"https:\/\/www.fsjb.org\/web\/","name":"Fundaci\u00f3n San Jos\u00e9 Buga","description":"Pagina web","publisher":{"@id":"https:\/\/www.fsjb.org\/web\/#organization"},"potentialAction":[{"@type":"SearchAction","target":{"@type":"EntryPoint","urlTemplate":"https:\/\/www.fsjb.org\/web\/?s={search_term_string}"},"query-input":{"@type":"PropertyValueSpecification","valueRequired":true,"valueName":"search_term_string"}}],"inLanguage":"es"},{"@type":"Organization","@id":"https:\/\/www.fsjb.org\/web\/#organization","name":"Fundaci\u00f3n San Jos\u00e9 Buga","url":"https:\/\/www.fsjb.org\/web\/","logo":{"@type":"ImageObject","inLanguage":"es","@id":"https:\/\/www.fsjb.org\/web\/#\/schema\/logo\/image\/","url":"https:\/\/www.fsjb.org\/web\/wp-content\/uploads\/logo-n.png","contentUrl":"https:\/\/www.fsjb.org\/web\/wp-content\/uploads\/logo-n.png","width":208,"height":166,"caption":"Fundaci\u00f3n San Jos\u00e9 Buga"},"image":{"@id":"https:\/\/www.fsjb.org\/web\/#\/schema\/logo\/image\/"},"sameAs":["https:\/\/www.facebook.com\/fundacionsanjosebuga\/","https:\/\/co.linkedin.com\/company\/fsjb"]},{"@type":"Person","@id":"https:\/\/www.fsjb.org\/web\/#\/schema\/person\/11e98cab2a8ec0a5d23ee0f7e0921939","name":"Comunicaciones FHSJB","image":{"@type":"ImageObject","inLanguage":"es","@id":"https:\/\/secure.gravatar.com\/avatar\/8a36dfda615c596b2494c6e23b6eaad0d1c6002142e996d48086525fbb0d3637?s=96&d=identicon&r=g","url":"https:\/\/secure.gravatar.com\/avatar\/8a36dfda615c596b2494c6e23b6eaad0d1c6002142e996d48086525fbb0d3637?s=96&d=identicon&r=g","contentUrl":"https:\/\/secure.gravatar.com\/avatar\/8a36dfda615c596b2494c6e23b6eaad0d1c6002142e996d48086525fbb0d3637?s=96&d=identicon&r=g","caption":"Comunicaciones FHSJB"},"url":"https:\/\/www.fsjb.org\/web\/?author=10"}]}},"_links":{"self":[{"href":"https:\/\/www.fsjb.org\/web\/index.php?rest_route=\/wp\/v2\/posts\/2205","targetHints":{"allow":["GET"]}}],"collection":[{"href":"https:\/\/www.fsjb.org\/web\/index.php?rest_route=\/wp\/v2\/posts"}],"about":[{"href":"https:\/\/www.fsjb.org\/web\/index.php?rest_route=\/wp\/v2\/types\/post"}],"author":[{"embeddable":true,"href":"https:\/\/www.fsjb.org\/web\/index.php?rest_route=\/wp\/v2\/users\/10"}],"replies":[{"embeddable":true,"href":"https:\/\/www.fsjb.org\/web\/index.php?rest_route=%2Fwp%2Fv2%2Fcomments&post=2205"}],"version-history":[{"count":0,"href":"https:\/\/www.fsjb.org\/web\/index.php?rest_route=\/wp\/v2\/posts\/2205\/revisions"}],"wp:featuredmedia":[{"embeddable":true,"href":"https:\/\/www.fsjb.org\/web\/index.php?rest_route=\/wp\/v2\/media\/2206"}],"wp:attachment":[{"href":"https:\/\/www.fsjb.org\/web\/index.php?rest_route=%2Fwp%2Fv2%2Fmedia&parent=2205"}],"wp:term":[{"taxonomy":"category","embeddable":true,"href":"https:\/\/www.fsjb.org\/web\/index.php?rest_route=%2Fwp%2Fv2%2Fcategories&post=2205"},{"taxonomy":"post_tag","embeddable":true,"href":"https:\/\/www.fsjb.org\/web\/index.php?rest_route=%2Fwp%2Fv2%2Ftags&post=2205"}],"curies":[{"name":"wp","href":"https:\/\/api.w.org\/{rel}","templated":true}]}}