{"id":2114,"date":"2024-03-15T14:25:10","date_gmt":"2024-03-15T19:25:10","guid":{"rendered":"https:\/\/www.fhsjb.org\/web\/?p=2114"},"modified":"2024-03-15T14:30:44","modified_gmt":"2024-03-15T19:30:44","slug":"la-fundacion-san-jose-de-buga-recibio-importante-certificacion-del-invima","status":"publish","type":"post","link":"https:\/\/www.fsjb.org\/web\/?p=2114","title":{"rendered":"La Fundaci\u00f3n San Jos\u00e9 de Buga recibi\u00f3 importante certificaci\u00f3n del INVIMA"},"content":{"rendered":"\n<p>Los gases de uso medicinal han sido un aporte significativo al desarrollo de diferentes procedimientos m\u00e9dicos, impactando de forma considerable el mejoramiento de la salud de muchos pacientes. Por tal raz\u00f3n, la Fundaci\u00f3n San Jos\u00e9 de Buga, ha venido trabajando incansablemente en el fortalecimiento de un <strong>Sistema de Aire Medicinal<\/strong>, el cual fue inspeccionado y auditado por el Invima durante una visita desarrollada en la semana del 11 de marzo del 2024.<\/p>\n\n\n\n<div class=\"wp-block-media-text alignwide is-stacked-on-mobile\" style=\"grid-template-columns:44% auto\"><figure class=\"wp-block-media-text__media\"><img loading=\"lazy\" decoding=\"async\" width=\"1024\" height=\"768\" src=\"https:\/\/www.fhsjb.org\/web\/wp-content\/uploads\/WhatsApp-Image-2024-03-15-at-12.13.03-PM-1024x768.jpeg\" alt=\"\" class=\"wp-image-2115 size-full\" srcset=\"https:\/\/www.fsjb.org\/web\/wp-content\/uploads\/WhatsApp-Image-2024-03-15-at-12.13.03-PM-1024x768.jpeg 1024w, https:\/\/www.fsjb.org\/web\/wp-content\/uploads\/WhatsApp-Image-2024-03-15-at-12.13.03-PM-300x225.jpeg 300w, https:\/\/www.fsjb.org\/web\/wp-content\/uploads\/WhatsApp-Image-2024-03-15-at-12.13.03-PM-768x576.jpeg 768w, https:\/\/www.fsjb.org\/web\/wp-content\/uploads\/WhatsApp-Image-2024-03-15-at-12.13.03-PM-1536x1152.jpeg 1536w, https:\/\/www.fsjb.org\/web\/wp-content\/uploads\/WhatsApp-Image-2024-03-15-at-12.13.03-PM.jpeg 1600w\" sizes=\"auto, (max-width: 1024px) 100vw, 1024px\" \/><\/figure><div class=\"wp-block-media-text__content\">\n<p class=\"has-text-align-center\">El concepto t\u00e9cnico emitido por el ente regulador indic\u00f3 que, una vez evaluado el cumplimiento de todos los requisitos previstos en la normatividad vigente, nuestra instituci\u00f3n <strong>CUMPLE<\/strong> con las <strong>BUENAS PR\u00c1CTICAS DE MANUFACTURA, PARA LA FABRICACI\u00d3N Y DISTRIBUCI\u00d3N EN L\u00cdNEA DE GASES DE USO MEDICINAL<\/strong><\/p>\n<\/div><\/div>\n\n\n\n<p>Con esta certificaci\u00f3n, la Fundaci\u00f3n San Jos\u00e9 de Buga podr\u00e1 garantizar la disponibilidad permanente de aire medicinal, el cual es de gran beneficio para complementar el tratamiento de pacientes que requieren administraci\u00f3n de anest\u00e9sicos, asistencia respiratoria, apoyo cardiaco entre otros tratamientos.<\/p>\n\n\n\n<p>Este logro, refleja el compromiso inquebrantable de la alta direcci\u00f3n y todo el equipo de trabajo de la Fundaci\u00f3n San Jos\u00e9 de Buga por buscar siempre el mejoramiento en la prestaci\u00f3n de servicios de salud, para que la comunidad pueda recibir una atenci\u00f3n de la m\u00e1s alta calidad y su experiencia como usuario pueda ser cada vez m\u00e1s enfocada en la humanizaci\u00f3n.<\/p>\n ","protected":false},"excerpt":{"rendered":"<p>Los gases de uso medicinal han sido un aporte significativo al desarrollo de diferentes procedimientos m\u00e9dicos, impactando de forma considerable el mejoramiento de la salud de muchos pacientes. Por tal raz\u00f3n, la Fundaci\u00f3n San Jos\u00e9 de Buga, ha venido trabajando incansablemente en el fortalecimiento de un Sistema de Aire Medicinal, el cual fue inspeccionado y [&hellip;]<\/p>\n","protected":false},"author":10,"featured_media":2116,"comment_status":"open","ping_status":"open","sticky":false,"template":"","format":"standard","meta":{"_cbd_carousel_blocks":"[]","footnotes":""},"categories":[9],"tags":[],"class_list":["post-2114","post","type-post","status-publish","format-standard","has-post-thumbnail","hentry","category-noticias"],"yoast_head":"<!-- This site is optimized with the Yoast SEO plugin v27.5 - https:\/\/yoast.com\/product\/yoast-seo-wordpress\/ -->\n<title>La Fundaci\u00f3n San Jos\u00e9 de Buga recibi\u00f3 importante certificaci\u00f3n del INVIMA - Fundaci&oacute;n San Jos&eacute; Buga<\/title>\n<meta name=\"robots\" content=\"index, follow, max-snippet:-1, max-image-preview:large, max-video-preview:-1\" \/>\n<link rel=\"canonical\" href=\"https:\/\/www.fsjb.org\/web\/?p=2114\" \/>\n<meta property=\"og:locale\" content=\"es_ES\" \/>\n<meta property=\"og:type\" content=\"article\" \/>\n<meta property=\"og:title\" content=\"La Fundaci\u00f3n San Jos\u00e9 de Buga recibi\u00f3 importante certificaci\u00f3n del INVIMA - Fundaci&oacute;n San Jos&eacute; Buga\" \/>\n<meta property=\"og:description\" content=\"Los gases de uso medicinal han sido un aporte significativo al desarrollo de diferentes procedimientos m\u00e9dicos, impactando de forma considerable el mejoramiento de la salud de muchos pacientes. Por tal raz\u00f3n, la Fundaci\u00f3n San Jos\u00e9 de Buga, ha venido trabajando incansablemente en el fortalecimiento de un Sistema de Aire Medicinal, el cual fue inspeccionado y [&hellip;]\" \/>\n<meta property=\"og:url\" content=\"https:\/\/www.fsjb.org\/web\/?p=2114\" \/>\n<meta property=\"og:site_name\" content=\"Fundaci&oacute;n San Jos&eacute; Buga\" \/>\n<meta property=\"article:publisher\" content=\"https:\/\/www.facebook.com\/fundacionsanjosebuga\/\" \/>\n<meta property=\"article:published_time\" content=\"2024-03-15T19:25:10+00:00\" \/>\n<meta property=\"article:modified_time\" content=\"2024-03-15T19:30:44+00:00\" \/>\n<meta property=\"og:image\" content=\"https:\/\/www.fsjb.org\/web\/wp-content\/uploads\/foto-miniatura.jpg\" \/>\n\t<meta property=\"og:image:width\" content=\"1207\" \/>\n\t<meta property=\"og:image:height\" content=\"725\" \/>\n\t<meta property=\"og:image:type\" content=\"image\/jpeg\" \/>\n<meta name=\"author\" content=\"Comunicaciones FHSJB\" \/>\n<meta name=\"twitter:card\" content=\"summary_large_image\" \/>\n<meta name=\"twitter:label1\" content=\"Escrito por\" \/>\n\t<meta name=\"twitter:data1\" content=\"Comunicaciones FHSJB\" \/>\n\t<meta name=\"twitter:label2\" content=\"Tiempo de lectura\" \/>\n\t<meta name=\"twitter:data2\" content=\"1 minuto\" \/>\n<script type=\"application\/ld+json\" class=\"yoast-schema-graph\">{\"@context\":\"https:\\\/\\\/schema.org\",\"@graph\":[{\"@type\":\"Article\",\"@id\":\"https:\\\/\\\/www.fsjb.org\\\/web\\\/?p=2114#article\",\"isPartOf\":{\"@id\":\"https:\\\/\\\/www.fsjb.org\\\/web\\\/?p=2114\"},\"author\":{\"name\":\"Comunicaciones FHSJB\",\"@id\":\"https:\\\/\\\/www.fsjb.org\\\/web\\\/#\\\/schema\\\/person\\\/11e98cab2a8ec0a5d23ee0f7e0921939\"},\"headline\":\"La Fundaci\u00f3n San Jos\u00e9 de Buga recibi\u00f3 importante certificaci\u00f3n del INVIMA\",\"datePublished\":\"2024-03-15T19:25:10+00:00\",\"dateModified\":\"2024-03-15T19:30:44+00:00\",\"mainEntityOfPage\":{\"@id\":\"https:\\\/\\\/www.fsjb.org\\\/web\\\/?p=2114\"},\"wordCount\":251,\"commentCount\":0,\"publisher\":{\"@id\":\"https:\\\/\\\/www.fsjb.org\\\/web\\\/#organization\"},\"image\":{\"@id\":\"https:\\\/\\\/www.fsjb.org\\\/web\\\/?p=2114#primaryimage\"},\"thumbnailUrl\":\"https:\\\/\\\/www.fsjb.org\\\/web\\\/wp-content\\\/uploads\\\/foto-miniatura.jpg\",\"articleSection\":[\"Noticias\"],\"inLanguage\":\"es\",\"potentialAction\":[{\"@type\":\"CommentAction\",\"name\":\"Comment\",\"target\":[\"https:\\\/\\\/www.fsjb.org\\\/web\\\/?p=2114#respond\"]}]},{\"@type\":\"WebPage\",\"@id\":\"https:\\\/\\\/www.fsjb.org\\\/web\\\/?p=2114\",\"url\":\"https:\\\/\\\/www.fsjb.org\\\/web\\\/?p=2114\",\"name\":\"La Fundaci\u00f3n San Jos\u00e9 de Buga recibi\u00f3 importante certificaci\u00f3n del INVIMA - Fundaci&oacute;n San Jos&eacute; Buga\",\"isPartOf\":{\"@id\":\"https:\\\/\\\/www.fsjb.org\\\/web\\\/#website\"},\"primaryImageOfPage\":{\"@id\":\"https:\\\/\\\/www.fsjb.org\\\/web\\\/?p=2114#primaryimage\"},\"image\":{\"@id\":\"https:\\\/\\\/www.fsjb.org\\\/web\\\/?p=2114#primaryimage\"},\"thumbnailUrl\":\"https:\\\/\\\/www.fsjb.org\\\/web\\\/wp-content\\\/uploads\\\/foto-miniatura.jpg\",\"datePublished\":\"2024-03-15T19:25:10+00:00\",\"dateModified\":\"2024-03-15T19:30:44+00:00\",\"breadcrumb\":{\"@id\":\"https:\\\/\\\/www.fsjb.org\\\/web\\\/?p=2114#breadcrumb\"},\"inLanguage\":\"es\",\"potentialAction\":[{\"@type\":\"ReadAction\",\"target\":[\"https:\\\/\\\/www.fsjb.org\\\/web\\\/?p=2114\"]}]},{\"@type\":\"ImageObject\",\"inLanguage\":\"es\",\"@id\":\"https:\\\/\\\/www.fsjb.org\\\/web\\\/?p=2114#primaryimage\",\"url\":\"https:\\\/\\\/www.fsjb.org\\\/web\\\/wp-content\\\/uploads\\\/foto-miniatura.jpg\",\"contentUrl\":\"https:\\\/\\\/www.fsjb.org\\\/web\\\/wp-content\\\/uploads\\\/foto-miniatura.jpg\",\"width\":1207,\"height\":725},{\"@type\":\"BreadcrumbList\",\"@id\":\"https:\\\/\\\/www.fsjb.org\\\/web\\\/?p=2114#breadcrumb\",\"itemListElement\":[{\"@type\":\"ListItem\",\"position\":1,\"name\":\"Portada\",\"item\":\"https:\\\/\\\/www.fsjb.org\\\/web\\\/\"},{\"@type\":\"ListItem\",\"position\":2,\"name\":\"La Fundaci\u00f3n San Jos\u00e9 de Buga recibi\u00f3 importante certificaci\u00f3n del INVIMA\"}]},{\"@type\":\"WebSite\",\"@id\":\"https:\\\/\\\/www.fsjb.org\\\/web\\\/#website\",\"url\":\"https:\\\/\\\/www.fsjb.org\\\/web\\\/\",\"name\":\"Fundaci\u00f3n San Jos\u00e9 Buga\",\"description\":\"Pagina web\",\"publisher\":{\"@id\":\"https:\\\/\\\/www.fsjb.org\\\/web\\\/#organization\"},\"potentialAction\":[{\"@type\":\"SearchAction\",\"target\":{\"@type\":\"EntryPoint\",\"urlTemplate\":\"https:\\\/\\\/www.fsjb.org\\\/web\\\/?s={search_term_string}\"},\"query-input\":{\"@type\":\"PropertyValueSpecification\",\"valueRequired\":true,\"valueName\":\"search_term_string\"}}],\"inLanguage\":\"es\"},{\"@type\":\"Organization\",\"@id\":\"https:\\\/\\\/www.fsjb.org\\\/web\\\/#organization\",\"name\":\"Fundaci\u00f3n San Jos\u00e9 Buga\",\"url\":\"https:\\\/\\\/www.fsjb.org\\\/web\\\/\",\"logo\":{\"@type\":\"ImageObject\",\"inLanguage\":\"es\",\"@id\":\"https:\\\/\\\/www.fsjb.org\\\/web\\\/#\\\/schema\\\/logo\\\/image\\\/\",\"url\":\"https:\\\/\\\/www.fsjb.org\\\/web\\\/wp-content\\\/uploads\\\/logo-n.png\",\"contentUrl\":\"https:\\\/\\\/www.fsjb.org\\\/web\\\/wp-content\\\/uploads\\\/logo-n.png\",\"width\":208,\"height\":166,\"caption\":\"Fundaci\u00f3n San Jos\u00e9 Buga\"},\"image\":{\"@id\":\"https:\\\/\\\/www.fsjb.org\\\/web\\\/#\\\/schema\\\/logo\\\/image\\\/\"},\"sameAs\":[\"https:\\\/\\\/www.facebook.com\\\/fundacionsanjosebuga\\\/\",\"https:\\\/\\\/co.linkedin.com\\\/company\\\/fsjb\"]},{\"@type\":\"Person\",\"@id\":\"https:\\\/\\\/www.fsjb.org\\\/web\\\/#\\\/schema\\\/person\\\/11e98cab2a8ec0a5d23ee0f7e0921939\",\"name\":\"Comunicaciones FHSJB\",\"image\":{\"@type\":\"ImageObject\",\"inLanguage\":\"es\",\"@id\":\"https:\\\/\\\/secure.gravatar.com\\\/avatar\\\/8a36dfda615c596b2494c6e23b6eaad0d1c6002142e996d48086525fbb0d3637?s=96&d=identicon&r=g\",\"url\":\"https:\\\/\\\/secure.gravatar.com\\\/avatar\\\/8a36dfda615c596b2494c6e23b6eaad0d1c6002142e996d48086525fbb0d3637?s=96&d=identicon&r=g\",\"contentUrl\":\"https:\\\/\\\/secure.gravatar.com\\\/avatar\\\/8a36dfda615c596b2494c6e23b6eaad0d1c6002142e996d48086525fbb0d3637?s=96&d=identicon&r=g\",\"caption\":\"Comunicaciones FHSJB\"},\"url\":\"https:\\\/\\\/www.fsjb.org\\\/web\\\/?author=10\"}]}<\/script>\n<!-- \/ Yoast SEO plugin. -->","yoast_head_json":{"title":"La Fundaci\u00f3n San Jos\u00e9 de Buga recibi\u00f3 importante certificaci\u00f3n del INVIMA - Fundaci&oacute;n San Jos&eacute; Buga","robots":{"index":"index","follow":"follow","max-snippet":"max-snippet:-1","max-image-preview":"max-image-preview:large","max-video-preview":"max-video-preview:-1"},"canonical":"https:\/\/www.fsjb.org\/web\/?p=2114","og_locale":"es_ES","og_type":"article","og_title":"La Fundaci\u00f3n San Jos\u00e9 de Buga recibi\u00f3 importante certificaci\u00f3n del INVIMA - Fundaci&oacute;n San Jos&eacute; Buga","og_description":"Los gases de uso medicinal han sido un aporte significativo al desarrollo de diferentes procedimientos m\u00e9dicos, impactando de forma considerable el mejoramiento de la salud de muchos pacientes. Por tal raz\u00f3n, la Fundaci\u00f3n San Jos\u00e9 de Buga, ha venido trabajando incansablemente en el fortalecimiento de un Sistema de Aire Medicinal, el cual fue inspeccionado y [&hellip;]","og_url":"https:\/\/www.fsjb.org\/web\/?p=2114","og_site_name":"Fundaci&oacute;n San Jos&eacute; Buga","article_publisher":"https:\/\/www.facebook.com\/fundacionsanjosebuga\/","article_published_time":"2024-03-15T19:25:10+00:00","article_modified_time":"2024-03-15T19:30:44+00:00","og_image":[{"width":1207,"height":725,"url":"https:\/\/www.fsjb.org\/web\/wp-content\/uploads\/foto-miniatura.jpg","type":"image\/jpeg"}],"author":"Comunicaciones FHSJB","twitter_card":"summary_large_image","twitter_misc":{"Escrito por":"Comunicaciones FHSJB","Tiempo de lectura":"1 minuto"},"schema":{"@context":"https:\/\/schema.org","@graph":[{"@type":"Article","@id":"https:\/\/www.fsjb.org\/web\/?p=2114#article","isPartOf":{"@id":"https:\/\/www.fsjb.org\/web\/?p=2114"},"author":{"name":"Comunicaciones FHSJB","@id":"https:\/\/www.fsjb.org\/web\/#\/schema\/person\/11e98cab2a8ec0a5d23ee0f7e0921939"},"headline":"La Fundaci\u00f3n San Jos\u00e9 de Buga recibi\u00f3 importante certificaci\u00f3n del INVIMA","datePublished":"2024-03-15T19:25:10+00:00","dateModified":"2024-03-15T19:30:44+00:00","mainEntityOfPage":{"@id":"https:\/\/www.fsjb.org\/web\/?p=2114"},"wordCount":251,"commentCount":0,"publisher":{"@id":"https:\/\/www.fsjb.org\/web\/#organization"},"image":{"@id":"https:\/\/www.fsjb.org\/web\/?p=2114#primaryimage"},"thumbnailUrl":"https:\/\/www.fsjb.org\/web\/wp-content\/uploads\/foto-miniatura.jpg","articleSection":["Noticias"],"inLanguage":"es","potentialAction":[{"@type":"CommentAction","name":"Comment","target":["https:\/\/www.fsjb.org\/web\/?p=2114#respond"]}]},{"@type":"WebPage","@id":"https:\/\/www.fsjb.org\/web\/?p=2114","url":"https:\/\/www.fsjb.org\/web\/?p=2114","name":"La Fundaci\u00f3n San Jos\u00e9 de Buga recibi\u00f3 importante certificaci\u00f3n del INVIMA - Fundaci&oacute;n San Jos&eacute; Buga","isPartOf":{"@id":"https:\/\/www.fsjb.org\/web\/#website"},"primaryImageOfPage":{"@id":"https:\/\/www.fsjb.org\/web\/?p=2114#primaryimage"},"image":{"@id":"https:\/\/www.fsjb.org\/web\/?p=2114#primaryimage"},"thumbnailUrl":"https:\/\/www.fsjb.org\/web\/wp-content\/uploads\/foto-miniatura.jpg","datePublished":"2024-03-15T19:25:10+00:00","dateModified":"2024-03-15T19:30:44+00:00","breadcrumb":{"@id":"https:\/\/www.fsjb.org\/web\/?p=2114#breadcrumb"},"inLanguage":"es","potentialAction":[{"@type":"ReadAction","target":["https:\/\/www.fsjb.org\/web\/?p=2114"]}]},{"@type":"ImageObject","inLanguage":"es","@id":"https:\/\/www.fsjb.org\/web\/?p=2114#primaryimage","url":"https:\/\/www.fsjb.org\/web\/wp-content\/uploads\/foto-miniatura.jpg","contentUrl":"https:\/\/www.fsjb.org\/web\/wp-content\/uploads\/foto-miniatura.jpg","width":1207,"height":725},{"@type":"BreadcrumbList","@id":"https:\/\/www.fsjb.org\/web\/?p=2114#breadcrumb","itemListElement":[{"@type":"ListItem","position":1,"name":"Portada","item":"https:\/\/www.fsjb.org\/web\/"},{"@type":"ListItem","position":2,"name":"La Fundaci\u00f3n San Jos\u00e9 de Buga recibi\u00f3 importante certificaci\u00f3n del INVIMA"}]},{"@type":"WebSite","@id":"https:\/\/www.fsjb.org\/web\/#website","url":"https:\/\/www.fsjb.org\/web\/","name":"Fundaci\u00f3n San Jos\u00e9 Buga","description":"Pagina web","publisher":{"@id":"https:\/\/www.fsjb.org\/web\/#organization"},"potentialAction":[{"@type":"SearchAction","target":{"@type":"EntryPoint","urlTemplate":"https:\/\/www.fsjb.org\/web\/?s={search_term_string}"},"query-input":{"@type":"PropertyValueSpecification","valueRequired":true,"valueName":"search_term_string"}}],"inLanguage":"es"},{"@type":"Organization","@id":"https:\/\/www.fsjb.org\/web\/#organization","name":"Fundaci\u00f3n San Jos\u00e9 Buga","url":"https:\/\/www.fsjb.org\/web\/","logo":{"@type":"ImageObject","inLanguage":"es","@id":"https:\/\/www.fsjb.org\/web\/#\/schema\/logo\/image\/","url":"https:\/\/www.fsjb.org\/web\/wp-content\/uploads\/logo-n.png","contentUrl":"https:\/\/www.fsjb.org\/web\/wp-content\/uploads\/logo-n.png","width":208,"height":166,"caption":"Fundaci\u00f3n San Jos\u00e9 Buga"},"image":{"@id":"https:\/\/www.fsjb.org\/web\/#\/schema\/logo\/image\/"},"sameAs":["https:\/\/www.facebook.com\/fundacionsanjosebuga\/","https:\/\/co.linkedin.com\/company\/fsjb"]},{"@type":"Person","@id":"https:\/\/www.fsjb.org\/web\/#\/schema\/person\/11e98cab2a8ec0a5d23ee0f7e0921939","name":"Comunicaciones FHSJB","image":{"@type":"ImageObject","inLanguage":"es","@id":"https:\/\/secure.gravatar.com\/avatar\/8a36dfda615c596b2494c6e23b6eaad0d1c6002142e996d48086525fbb0d3637?s=96&d=identicon&r=g","url":"https:\/\/secure.gravatar.com\/avatar\/8a36dfda615c596b2494c6e23b6eaad0d1c6002142e996d48086525fbb0d3637?s=96&d=identicon&r=g","contentUrl":"https:\/\/secure.gravatar.com\/avatar\/8a36dfda615c596b2494c6e23b6eaad0d1c6002142e996d48086525fbb0d3637?s=96&d=identicon&r=g","caption":"Comunicaciones FHSJB"},"url":"https:\/\/www.fsjb.org\/web\/?author=10"}]}},"_links":{"self":[{"href":"https:\/\/www.fsjb.org\/web\/index.php?rest_route=\/wp\/v2\/posts\/2114","targetHints":{"allow":["GET"]}}],"collection":[{"href":"https:\/\/www.fsjb.org\/web\/index.php?rest_route=\/wp\/v2\/posts"}],"about":[{"href":"https:\/\/www.fsjb.org\/web\/index.php?rest_route=\/wp\/v2\/types\/post"}],"author":[{"embeddable":true,"href":"https:\/\/www.fsjb.org\/web\/index.php?rest_route=\/wp\/v2\/users\/10"}],"replies":[{"embeddable":true,"href":"https:\/\/www.fsjb.org\/web\/index.php?rest_route=%2Fwp%2Fv2%2Fcomments&post=2114"}],"version-history":[{"count":0,"href":"https:\/\/www.fsjb.org\/web\/index.php?rest_route=\/wp\/v2\/posts\/2114\/revisions"}],"wp:featuredmedia":[{"embeddable":true,"href":"https:\/\/www.fsjb.org\/web\/index.php?rest_route=\/wp\/v2\/media\/2116"}],"wp:attachment":[{"href":"https:\/\/www.fsjb.org\/web\/index.php?rest_route=%2Fwp%2Fv2%2Fmedia&parent=2114"}],"wp:term":[{"taxonomy":"category","embeddable":true,"href":"https:\/\/www.fsjb.org\/web\/index.php?rest_route=%2Fwp%2Fv2%2Fcategories&post=2114"},{"taxonomy":"post_tag","embeddable":true,"href":"https:\/\/www.fsjb.org\/web\/index.php?rest_route=%2Fwp%2Fv2%2Ftags&post=2114"}],"curies":[{"name":"wp","href":"https:\/\/api.w.org\/{rel}","templated":true}]}}